{"id":34,"date":"2008-10-14T06:20:42","date_gmt":"2008-10-14T09:20:42","guid":{"rendered":"https:\/\/portalv1.com.br\/?p=34"},"modified":"2008-10-15T10:15:59","modified_gmt":"2008-10-15T13:15:59","slug":"seca-ja-castiga-13-municipios-e-deixa-80-mil-sem-agua-para-beber","status":"publish","type":"post","link":"https:\/\/portalv1.com.br\/seca-ja-castiga-13-municipios-e-deixa-80-mil-sem-agua-para-beber\/","title":{"rendered":"Seca j\u00e1 castiga 13 munic\u00edpios e deixa 80 mil sem \u00e1gua para beber"},"content":{"rendered":"<p align=\"justify\">Pelo menos 80 mil pessoas est\u00e3o sofrendo com a falta de \u00e1gua em treze munic\u00edpios, na regi\u00e3o Sul do Piau\u00ed. A situa\u00e7\u00e3o \u00e9 mais grave nas cidades de Caridade, Sim\u00f5es, Paulistana e Marcol\u00e2ndia, onde a escassez de chuva prejudica o abastecimento de \u00e1gua e j\u00e1 provoca sede e fome entre os animais, que j\u00e1 come\u00e7am a morrer.\u00a0<\/p>\n<p>O castigo imposto pela seca na regi\u00e3o do semi-\u00e1rido voltou a preocupar os dirigentes da Federa\u00e7\u00e3o dos Trabalhadores na\u00a0<br \/>\nAgricultura que nesta ter\u00e7a-feira, 14, pediram provid\u00eancias ao Governo do Estado e as prefeituras municipais, para socorrer as fam\u00edlias atingidas pela estiagem.\u00a0<\/p>\n<p>\u201cA situa\u00e7\u00e3o j\u00e1 \u00e9 considerada muito grave em algumas localidades, onde as pessoas e os animais n\u00e3o disp\u00f5em mais de \u00e1gua com qualidade para beberem\u201d, denunciou o presidente da Fetag, Evandro Luz.\u00a0<\/p>\n<p><strong>Situa\u00e7\u00e3o<\/strong> <strong>de emerg\u00eancia<\/strong><br \/>\nA Fetag reivindica uma reuni\u00e3o de emerg\u00eancia com t\u00e9cnicos da secretaria estadual de Defesa Civil, a fim de definir a\u00e7\u00f5es que possam amenizar o flagelo da seca. \u201cVamos ter que apelar novamente para as medidas paliativas, pois o pequeno agricultor precisa de ajuda imediatamente\u201d, enfatizou Evandro Luz.\u00a0<\/p>\n<p>Em algumas cidades, os prefeitos j\u00e1 se movimentam no sentido de decretar situa\u00e7\u00e3o de emerg\u00eancia em fun\u00e7\u00e3o da estiagem. Nesses munic\u00edpios n\u00e3o chove h\u00e1 seis meses.<\/p>\n","protected":false},"excerpt":{"rendered":"<p>Pelo menos 80 mil pessoas est\u00e3o sofrendo com a falta de \u00e1gua em treze munic\u00edpios, na regi\u00e3o Sul do Piau\u00ed. A situa\u00e7\u00e3o \u00e9 mais grave nas cidades de Caridade, Sim\u00f5es,&#8230;<\/p>\n","protected":false},"author":2,"featured_media":0,"comment_status":"open","ping_status":"open","sticky":false,"template":"","format":"standard","meta":{"ngg_post_thumbnail":0,"footnotes":""},"categories":[12],"tags":[24],"class_list":["post-34","post","type-post","status-publish","format-standard","hentry","category-valenca-news","tag-seca"],"views":354,"meta_data":{"thumb":null,"imagem":null,"data":{"simple":"14\/10\/2008","date_time":"14\/10\/2008 03:20:42","date":"h\u00e1 18 anos"},"chapeu":"","source":""},"_links":{"self":[{"href":"https:\/\/portalv1.com.br\/api\/wp\/v2\/posts\/34","targetHints":{"allow":["GET"]}}],"collection":[{"href":"https:\/\/portalv1.com.br\/api\/wp\/v2\/posts"}],"about":[{"href":"https:\/\/portalv1.com.br\/api\/wp\/v2\/types\/post"}],"author":[{"embeddable":true,"href":"https:\/\/portalv1.com.br\/api\/wp\/v2\/users\/2"}],"replies":[{"embeddable":true,"href":"https:\/\/portalv1.com.br\/api\/wp\/v2\/comments?post=34"}],"version-history":[{"count":0,"href":"https:\/\/portalv1.com.br\/api\/wp\/v2\/posts\/34\/revisions"}],"wp:attachment":[{"href":"https:\/\/portalv1.com.br\/api\/wp\/v2\/media?parent=34"}],"wp:term":[{"taxonomy":"category","embeddable":true,"href":"https:\/\/portalv1.com.br\/api\/wp\/v2\/categories?post=34"},{"taxonomy":"post_tag","embeddable":true,"href":"https:\/\/portalv1.com.br\/api\/wp\/v2\/tags?post=34"}],"curies":[{"name":"wp","href":"https:\/\/api.w.org\/{rel}","templated":true}]}}