{"id":34112,"date":"2017-06-27T08:54:31","date_gmt":"2017-06-27T11:54:31","guid":{"rendered":"https:\/\/portalv1.com.br\/?p=34112"},"modified":"2017-07-05T10:07:55","modified_gmt":"2017-07-05T13:07:55","slug":"festival-junino-de-valenca-comeca-nessa-sexta-feira","status":"publish","type":"post","link":"https:\/\/portalv1.com.br\/festival-junino-de-valenca-comeca-nessa-sexta-feira\/","title":{"rendered":"Festival Junino de Valen\u00e7a come\u00e7a nessa sexta-feira"},"content":{"rendered":"<figure id=\"attachment_34113\" aria-describedby=\"caption-attachment-34113\" style=\"width: 529px\" class=\"wp-caption aligncenter\"><a href=\"https:\/\/portalv1.com.br\/app\/wp-content\/uploads\/2017\/06\/IMG-20170625-WA0110.jpg\"><img loading=\"lazy\" decoding=\"async\" class=\"size-full wp-image-34113\" src=\"https:\/\/portalv1.com.br\/app\/wp-content\/uploads\/2017\/06\/IMG-20170625-WA0110.jpg\" alt=\"\" width=\"529\" height=\"480\" srcset=\"https:\/\/portalv1.com.br\/app\/wp-content\/uploads\/2017\/06\/IMG-20170625-WA0110.jpg 529w, https:\/\/portalv1.com.br\/app\/wp-content\/uploads\/2017\/06\/IMG-20170625-WA0110-300x272.jpg 300w\" sizes=\"auto, (max-width: 529px) 100vw, 529px\" \/><\/a><figcaption id=\"caption-attachment-34113\" class=\"wp-caption-text\">29\u00ba Arraial do Gorgulho<\/figcaption><\/figure>\n<p>A Secretaria de Cultura de Valen\u00e7a faz os \u00faltimos preparativos para a realiza\u00e7\u00e3o do Festival Junino 2017 (29\u00ba Arraial do Gorgulho) que come\u00e7a nessa sexta-feira, 30 de junho, no CSU.<\/p>\n<p>Ser\u00e3o tr\u00eas dias de festas com a participa\u00e7\u00e3o de grupos juninos de Valen\u00e7a e de outras cidades piauienses. As atra\u00e7\u00f5es musicais j\u00e1 foram confirmadas pela organiza\u00e7\u00e3o do evento.<\/p>\n<p>Al\u00e9m das bandas regionais Banda Requinte, Felipe e Banda Envolvente, Vanvan, Patente \u00c1 e Farra do Doidim, subir\u00e3o ao palco a Banda Libanos, Taty Girl, Dudu Nogueira e Janaina e Banda. Veja o convite com a programa\u00e7\u00e3o completa divulgada pela Secretaria de Cultura&nbsp;<a href=\"https:\/\/portalv1.com.br\/app\/wp-content\/uploads\/2017\/06\/IMG-20170627-WA0172.jpg\"><img loading=\"lazy\" decoding=\"async\" class=\"aligncenter size-large wp-image-34668\" src=\"https:\/\/portalv1.com.br\/app\/wp-content\/uploads\/2017\/06\/IMG-20170627-WA0172-640x918.jpg\" alt=\"\" width=\"640\" height=\"918\" srcset=\"https:\/\/portalv1.com.br\/app\/wp-content\/uploads\/2017\/06\/IMG-20170627-WA0172-640x918.jpg 640w, https:\/\/portalv1.com.br\/app\/wp-content\/uploads\/2017\/06\/IMG-20170627-WA0172-300x430.jpg 300w, https:\/\/portalv1.com.br\/app\/wp-content\/uploads\/2017\/06\/IMG-20170627-WA0172-768x1102.jpg 768w, https:\/\/portalv1.com.br\/app\/wp-content\/uploads\/2017\/06\/IMG-20170627-WA0172.jpg 892w\" sizes=\"auto, (max-width: 640px) 100vw, 640px\" \/><\/a><\/p>\n","protected":false},"excerpt":{"rendered":"<p>A Secretaria de Cultura de Valen\u00e7a faz os \u00faltimos preparativos para a realiza\u00e7\u00e3o do Festival Junino 2017 (29\u00ba Arraial do Gorgulho) que come\u00e7a nessa sexta-feira, 30 de junho, no CSU&#8230;.<\/p>\n","protected":false},"author":1,"featured_media":34113,"comment_status":"open","ping_status":"open","sticky":false,"template":"","format":"standard","meta":{"ngg_post_thumbnail":0,"footnotes":""},"categories":[12],"tags":[],"class_list":["post-34112","post","type-post","status-publish","format-standard","has-post-thumbnail","hentry","category-valenca-news"],"views":1352,"meta_data":{"thumb":"https:\/\/portalv1.com.br\/app\/wp-content\/uploads\/2017\/06\/IMG-20170625-WA0110.jpg","imagem":{"fullsize":{"url":"https:\/\/portalv1.com.br\/app\/wp-content\/uploads\/2017\/06\/IMG-20170625-WA0110.jpg","width":529,"height":480},"thumbnail":{"url":"https:\/\/portalv1.com.br\/app\/wp-content\/uploads\/2017\/06\/IMG-20170625-WA0110-100x100.jpg","width":100,"height":100},"medium":{"url":"https:\/\/portalv1.com.br\/app\/wp-content\/uploads\/2017\/06\/IMG-20170625-WA0110-300x272.jpg","width":300,"height":272}},"data":{"simple":"27\/06\/2017","date_time":"27\/06\/2017 05:54:31","date":"h\u00e1 9 anos"},"chapeu":"Veja atra\u00e7\u00f5es ","source":"slide"},"_links":{"self":[{"href":"https:\/\/portalv1.com.br\/api\/wp\/v2\/posts\/34112","targetHints":{"allow":["GET"]}}],"collection":[{"href":"https:\/\/portalv1.com.br\/api\/wp\/v2\/posts"}],"about":[{"href":"https:\/\/portalv1.com.br\/api\/wp\/v2\/types\/post"}],"author":[{"embeddable":true,"href":"https:\/\/portalv1.com.br\/api\/wp\/v2\/users\/1"}],"replies":[{"embeddable":true,"href":"https:\/\/portalv1.com.br\/api\/wp\/v2\/comments?post=34112"}],"version-history":[{"count":0,"href":"https:\/\/portalv1.com.br\/api\/wp\/v2\/posts\/34112\/revisions"}],"wp:featuredmedia":[{"embeddable":true,"href":"https:\/\/portalv1.com.br\/api\/wp\/v2\/media\/34113"}],"wp:attachment":[{"href":"https:\/\/portalv1.com.br\/api\/wp\/v2\/media?parent=34112"}],"wp:term":[{"taxonomy":"category","embeddable":true,"href":"https:\/\/portalv1.com.br\/api\/wp\/v2\/categories?post=34112"},{"taxonomy":"post_tag","embeddable":true,"href":"https:\/\/portalv1.com.br\/api\/wp\/v2\/tags?post=34112"}],"curies":[{"name":"wp","href":"https:\/\/api.w.org\/{rel}","templated":true}]}}