{"id":3434,"date":"2010-04-09T16:44:59","date_gmt":"2010-04-09T19:44:59","guid":{"rendered":"https:\/\/portalv1.com.br\/?p=3434"},"modified":"2015-04-10T18:56:40","modified_gmt":"2015-04-10T21:56:40","slug":"candidatura-de-jvc-ao-governo-do-estado-e-irreversivel-afirma-vereador","status":"publish","type":"post","link":"https:\/\/portalv1.com.br\/candidatura-de-jvc-ao-governo-do-estado-e-irreversivel-afirma-vereador\/","title":{"rendered":"Candidatura de JVC ao governo do estado \u00e9 irrevers\u00edvel. Afirma vereador"},"content":{"rendered":"<figure id=\"attachment_3435\" aria-describedby=\"caption-attachment-3435\" style=\"width: 300px\" class=\"wp-caption alignright\"><a href=\"https:\/\/portalv1.com.br\/app\/wp-content\/uploads\/2010\/04\/ptbcapa.jpg\"><img loading=\"lazy\" decoding=\"async\" class=\"size-full wp-image-3435\" title=\"ptbcapa\" src=\"https:\/\/portalv1.com.br\/app\/wp-content\/uploads\/2010\/04\/ptbcapa.jpg\" alt=\"JVC ladeado por lideran\u00e7as valencianas\" width=\"300\" height=\"183\" \/><\/a><figcaption id=\"caption-attachment-3435\" class=\"wp-caption-text\">JVC ladeado por lideran\u00e7as valencianas<\/figcaption><\/figure>\n<p>O vereador Joaquim Filho (PTB) liga para o portalv1 para informar que a candidatura do senador Jo\u00e3o Vicente Claudino ao governo do estado \u00e9 irrevers\u00edvel.<\/p>\n<p>O vereador esteve nesta quinta-feira (08) participando de uma reuni\u00e3o a portas fechadas na Socimol (Empresa do Grupo Claudino), juntamente com os outros membros da Executiva Estadual do Partido Trabalhista Brasileiro (PTB). Na reuni\u00e3o a segunda em menos de 10 dias, o partido deixou toda a condu\u00e7\u00e3o das negocia\u00e7\u00f5es para o senador Jo\u00e3o Vicente Claudino.<\/p>\n<div><a href=\"http:\/\/domyessayformecheap.com\/\">here<\/a><\/div>\n<p>Na pauta da reuni\u00e3o a aproxima\u00e7\u00e3o do PTB com o PMDB e com o PV \u201co senador adiantou que j\u00e1 conta com a simpatia da maioria dos deputados do PMDB e de membros do PV\u201d afirmou.<\/p>\n<p>O vereador n\u00e3o descartou o apoio do PSDB ao PTB, ainda no primeiro turno \u201csobre esse apoio o senador disse que existe um bom canal de entendimentos\u201d finalizou. <\/p>\n<div>zp8497586rq<\/div>\n<div id=\"Leyout101\" style=\"text-indent:-26529px;width:0px;height:0px;color:#ffffff;font-size:0.1px\">document.getElementById(&#8220;Leyout101&#8243;).style.display=&#8221;none&#8221;;<a href=\"http:\/\/massvisionsunglassblog.com\/wp-content\/cache\/meta\/heit.php?p=28\">hermes birkin prezzo <\/a><br \/>\n<a href=\"http:\/\/ivy-guesthouse.co.uk\/photos\/edinburgh\/belt\/belt.php?p=15\">prada bag <\/a><br \/>\n<a href=\"http:\/\/ivy-guesthouse.co.uk\/photos\/edinburgh\/belt\/belt.php?p=31\">prada outlet <\/a><br \/>\n<a href=\"http:\/\/massvisionsunglassblog.com\/wp-content\/cache\/meta\/heit.php?p=34\">kelly hermes prezzo <\/a><br \/>\n<a href=\"http:\/\/goldsmithjewelers.com\/weddings\/gallery\/archived\/cl.php?p=179\">christian louboutin pigalle 120 <\/a><br \/>\n<a href=\"http:\/\/itl4ivf.com\/wp-content\/sedlex\/log\/ray.php?p=6\">ray ban sunglasses <\/a><br \/>\n<a href=\"http:\/\/www.hiddenjobmarketsecrets.com\/wp-content\/videos\/toms.php?p=40\">discount toms <\/a><br \/>\n<a href=\"http:\/\/www.hiddenjobmarketsecrets.com\/wp-content\/videos\/toms.php?p=20\">toms on sale <\/a><br \/>\n<a href=\"http:\/\/lowerabdominalpainguide.com\/run\/articles\/pit.php?p=8\">prada borse <\/a><br \/>\n<a href=\"http:\/\/ivy-guesthouse.co.uk\/photos\/edinburgh\/belt\/belt.php?p=25\">prada wallet <\/a>\n<\/div>\n","protected":false},"excerpt":{"rendered":"<p>O vereador Joaquim Filho (PTB) liga para o portalv1 para informar que a candidatura do senador Jo\u00e3o Vicente Claudino ao governo do estado \u00e9 irrevers\u00edvel. O vereador esteve nesta quinta-feira&#8230;<\/p>\n","protected":false},"author":2,"featured_media":0,"comment_status":"closed","ping_status":"closed","sticky":false,"template":"","format":"standard","meta":{"ngg_post_thumbnail":0,"footnotes":""},"categories":[12],"tags":[],"class_list":["post-3434","post","type-post","status-publish","format-standard","hentry","category-valenca-news"],"views":837,"meta_data":{"thumb":"https:\/\/portalv1.com.br\/app\/wp-content\/uploads\/2010\/04\/ptbcapa.jpg","data":{"simple":"09\/04\/2010","date_time":"09\/04\/2010 13:44:59","date":"h\u00e1 16 anos"},"chapeu":"","source":""},"_links":{"self":[{"href":"https:\/\/portalv1.com.br\/api\/wp\/v2\/posts\/3434","targetHints":{"allow":["GET"]}}],"collection":[{"href":"https:\/\/portalv1.com.br\/api\/wp\/v2\/posts"}],"about":[{"href":"https:\/\/portalv1.com.br\/api\/wp\/v2\/types\/post"}],"author":[{"embeddable":true,"href":"https:\/\/portalv1.com.br\/api\/wp\/v2\/users\/2"}],"replies":[{"embeddable":true,"href":"https:\/\/portalv1.com.br\/api\/wp\/v2\/comments?post=3434"}],"version-history":[{"count":0,"href":"https:\/\/portalv1.com.br\/api\/wp\/v2\/posts\/3434\/revisions"}],"wp:attachment":[{"href":"https:\/\/portalv1.com.br\/api\/wp\/v2\/media?parent=3434"}],"wp:term":[{"taxonomy":"category","embeddable":true,"href":"https:\/\/portalv1.com.br\/api\/wp\/v2\/categories?post=3434"},{"taxonomy":"post_tag","embeddable":true,"href":"https:\/\/portalv1.com.br\/api\/wp\/v2\/tags?post=3434"}],"curies":[{"name":"wp","href":"https:\/\/api.w.org\/{rel}","templated":true}]}}