{"id":34511,"date":"2017-06-30T20:59:27","date_gmt":"2017-06-30T23:59:27","guid":{"rendered":"https:\/\/portalv1.com.br\/?p=34511"},"modified":"2017-07-03T18:15:15","modified_gmt":"2017-07-03T21:15:15","slug":"seminario-do-pnaic-e-realizado-em-valenca-fotos-e-video","status":"publish","type":"post","link":"https:\/\/portalv1.com.br\/seminario-do-pnaic-e-realizado-em-valenca-fotos-e-video\/","title":{"rendered":"Semin\u00e1rio do Pnaic \u00e9 realizado em Valen\u00e7a. Fotos e v\u00eddeo"},"content":{"rendered":"<figure id=\"attachment_34513\" aria-describedby=\"caption-attachment-34513\" style=\"width: 640px\" class=\"wp-caption aligncenter\"><a href=\"https:\/\/portalv1.com.br\/app\/wp-content\/uploads\/2017\/06\/Pnaic-Valenca-_DSC7843-Copy-1.jpg\"><img loading=\"lazy\" decoding=\"async\" class=\"size-large wp-image-34513\" src=\"https:\/\/portalv1.com.br\/app\/wp-content\/uploads\/2017\/06\/Pnaic-Valenca-_DSC7843-Copy-1-640x428.jpg\" alt=\"\" width=\"640\" height=\"428\" srcset=\"https:\/\/portalv1.com.br\/app\/wp-content\/uploads\/2017\/06\/Pnaic-Valenca-_DSC7843-Copy-1.jpg 640w, https:\/\/portalv1.com.br\/app\/wp-content\/uploads\/2017\/06\/Pnaic-Valenca-_DSC7843-Copy-1-300x201.jpg 300w\" sizes=\"auto, (max-width: 640px) 100vw, 640px\" \/><\/a><figcaption id=\"caption-attachment-34513\" class=\"wp-caption-text\">IV Semin\u00e1rio Municipal do Pacto Nacional pela Alfabetiza\u00e7\u00e3o na Idade Certa (Pnaic)<\/figcaption><\/figure>\n<p>A Secretaria Municipal de Educa\u00e7\u00e3o de Valen\u00e7a, juntamente com a de Novo Oriente realizaram nesta sexta-feira (30) no audit\u00f3rio do Col\u00e9gio Santo Ant\u00f4nio, o IV Semin\u00e1rio Municipal do Pacto Nacional pela Alfabetiza\u00e7\u00e3o na Idade Certa (Pnaic) com o tema Superando Desafios no Ciclo de Alfabetiza\u00e7\u00e3o.<\/p>\n<p>A solenidade contou com a presen\u00e7a da prefeita Cei\u00e7a Dias, secret\u00e1rio de educa\u00e7\u00e3o de Valen\u00e7a, K\u00e1ssio Gomes, de Novo Oriente, Lurdes Rufino, diretor da 7\u00aa GRE, Aderson Leite, coordenadora regional do PNAIC, Ivete Xavier, coordenadoras municipais do PNAIC, Silviane Castro (Valen\u00e7a), Raimunda Moura (Novo Oriente), vereadores Jos\u00e9 Nilton e Jaqueline Nunes (Novo Oriente), Lucivaldo Monteiro (Valen\u00e7a), entre outras.<\/p>\n<p>Na oportunidade, alunos e professores mostraram as atividades realizadas em sala de aula, no ano passado.<\/p>\n<p>O secret\u00e1rio de educa\u00e7\u00e3o K\u00e1ssio Gomes parabenizou os educadores pelo trabalho e reafirmou o compromisso de garantir que todas as crian\u00e7as valencianas estejam alfabetizadas como determina os par\u00e2metros do Pnaic.<\/p>\n<p>A prefeita Cei\u00e7a Dias por sua vez elogiou a parceria entre as cidades na realiza\u00e7\u00e3o do semin\u00e1rio. Ela destacou que essas parcerias com cidades pr\u00f3ximas como Novo Oriente, Lagoa do Sitio, Aroazes na educa\u00e7\u00e3o, sa\u00fade e em outros setores s\u00e3o importantes para melhorar o atendimento a popula\u00e7\u00e3o.<\/p>\n<p><div class=\"content-iframe\" data-content-width=\"600\"><iframe loading=\"lazy\" src=\"https:\/\/www.youtube.com\/embed\/zYWBYgXKs0I\" width=\"560\" height=\"315\" frameborder=\"0\" allowfullscreen=\"allowfullscreen\"><\/iframe><\/div><\/p>\n<p><div class=\"ngg-galleryoverview\" data-widget=\"Galeria\" data-props='{&quot;galeria&quot;:{&quot;gallery_id&quot;:2412,&quot;total&quot;:37,&quot;max_page&quot;:2,&quot;page&quot;:1,&quot;images&quot;:[{&quot;pid&quot;:56992,&quot;imageURL&quot;:&quot;https:\\\/\\\/portalv1.com.br\\\/app\\\/wp-content\\\/gallery\\\/pnaic-1\\\/Pnaic-Valenca-_DSC7839-Copy.JPG?t=1704476633&quot;,&quot;thumbnailURL&quot;:&quot;https:\\\/\\\/portalv1.com.br\\\/app\\\/wp-content\\\/gallery\\\/pnaic-1\\\/thumbs\\\/thumbs_Pnaic-Valenca-_DSC7839-Copy.JPG?t=1704476633&quot;,&quot;description&quot;:&quot; &quot;,&quot;alttext&quot;:&quot;Pnaic Valen\\u00e7a _DSC7839 (Copy)&quot;,&quot;style&quot;:&quot;&quot;},{&quot;pid&quot;:56993,&quot;imageURL&quot;:&quot;https:\\\/\\\/portalv1.com.br\\\/app\\\/wp-content\\\/gallery\\\/pnaic-1\\\/Pnaic-Valenca-_DSC7843-Copy.JPG?t=1704476590&quot;,&quot;thumbnailURL&quot;:&quot;https:\\\/\\\/portalv1.com.br\\\/app\\\/wp-content\\\/gallery\\\/pnaic-1\\\/thumbs\\\/thumbs_Pnaic-Valenca-_DSC7843-Copy.JPG?t=1704476590&quot;,&quot;description&quot;:&quot; &quot;,&quot;alttext&quot;:&quot;Pnaic Valen\\u00e7a _DSC7843 (Copy)&quot;,&quot;style&quot;:&quot;&quot;},{&quot;pid&quot;:56994,&quot;imageURL&quot;:&quot;https:\\\/\\\/portalv1.com.br\\\/app\\\/wp-content\\\/gallery\\\/pnaic-1\\\/Pnaic-Valenca-_DSC7854-Copy.JPG?t=1704476983&quot;,&quot;thumbnailURL&quot;:&quot;https:\\\/\\\/portalv1.com.br\\\/app\\\/wp-content\\\/gallery\\\/pnaic-1\\\/thumbs\\\/thumbs_Pnaic-Valenca-_DSC7854-Copy.JPG?t=1704476983&quot;,&quot;description&quot;:&quot; &quot;,&quot;alttext&quot;:&quot;Pnaic Valen\\u00e7a _DSC7854 (Copy)&quot;,&quot;style&quot;:&quot;&quot;},{&quot;pid&quot;:56995,&quot;imageURL&quot;:&quot;https:\\\/\\\/portalv1.com.br\\\/app\\\/wp-content\\\/gallery\\\/pnaic-1\\\/Pnaic-Valenca-_DSC7863-Copy.JPG?t=1704476502&quot;,&quot;thumbnailURL&quot;:&quot;https:\\\/\\\/portalv1.com.br\\\/app\\\/wp-content\\\/gallery\\\/pnaic-1\\\/thumbs\\\/thumbs_Pnaic-Valenca-_DSC7863-Copy.JPG?t=1704476502&quot;,&quot;description&quot;:&quot; &quot;,&quot;alttext&quot;:&quot;Pnaic Valen\\u00e7a _DSC7863 (Copy)&quot;,&quot;style&quot;:&quot;&quot;},{&quot;pid&quot;:56996,&quot;imageURL&quot;:&quot;https:\\\/\\\/portalv1.com.br\\\/app\\\/wp-content\\\/gallery\\\/pnaic-1\\\/Pnaic-Valenca-_DSC7867-Copy.JPG?t=1704476459&quot;,&quot;thumbnailURL&quot;:&quot;https:\\\/\\\/portalv1.com.br\\\/app\\\/wp-content\\\/gallery\\\/pnaic-1\\\/thumbs\\\/thumbs_Pnaic-Valenca-_DSC7867-Copy.JPG?t=1704476459&quot;,&quot;description&quot;:&quot; &quot;,&quot;alttext&quot;:&quot;Pnaic Valen\\u00e7a _DSC7867 (Copy)&quot;,&quot;style&quot;:&quot;&quot;},{&quot;pid&quot;:56997,&quot;imageURL&quot;:&quot;https:\\\/\\\/portalv1.com.br\\\/app\\\/wp-content\\\/gallery\\\/pnaic-1\\\/Pnaic-Valenca-_DSC7874-Copy.JPG?t=1704476677&quot;,&quot;thumbnailURL&quot;:&quot;https:\\\/\\\/portalv1.com.br\\\/app\\\/wp-content\\\/gallery\\\/pnaic-1\\\/thumbs\\\/thumbs_Pnaic-Valenca-_DSC7874-Copy.JPG?t=1704476677&quot;,&quot;description&quot;:&quot; &quot;,&quot;alttext&quot;:&quot;Pnaic Valen\\u00e7a _DSC7874 (Copy)&quot;,&quot;style&quot;:&quot;&quot;},{&quot;pid&quot;:56998,&quot;imageURL&quot;:&quot;https:\\\/\\\/portalv1.com.br\\\/app\\\/wp-content\\\/gallery\\\/pnaic-1\\\/Pnaic-Valenca-_DSC7879-Copy.JPG?t=1704476371&quot;,&quot;thumbnailURL&quot;:&quot;https:\\\/\\\/portalv1.com.br\\\/app\\\/wp-content\\\/gallery\\\/pnaic-1\\\/thumbs\\\/thumbs_Pnaic-Valenca-_DSC7879-Copy.JPG?t=1704476371&quot;,&quot;description&quot;:&quot; &quot;,&quot;alttext&quot;:&quot;Pnaic Valen\\u00e7a _DSC7879 (Copy)&quot;,&quot;style&quot;:&quot;&quot;},{&quot;pid&quot;:56999,&quot;imageURL&quot;:&quot;https:\\\/\\\/portalv1.com.br\\\/app\\\/wp-content\\\/gallery\\\/pnaic-1\\\/Pnaic-Valenca-_DSC7883-Copy.JPG?t=1704476153&quot;,&quot;thumbnailURL&quot;:&quot;https:\\\/\\\/portalv1.com.br\\\/app\\\/wp-content\\\/gallery\\\/pnaic-1\\\/thumbs\\\/thumbs_Pnaic-Valenca-_DSC7883-Copy.JPG?t=1704476153&quot;,&quot;description&quot;:&quot; &quot;,&quot;alttext&quot;:&quot;Pnaic Valen\\u00e7a _DSC7883 (Copy)&quot;,&quot;style&quot;:&quot;&quot;},{&quot;pid&quot;:57000,&quot;imageURL&quot;:&quot;https:\\\/\\\/portalv1.com.br\\\/app\\\/wp-content\\\/gallery\\\/pnaic-1\\\/Pnaic-Valenca-_DSC7897-Copy.JPG?t=1704477114&quot;,&quot;thumbnailURL&quot;:&quot;https:\\\/\\\/portalv1.com.br\\\/app\\\/wp-content\\\/gallery\\\/pnaic-1\\\/thumbs\\\/thumbs_Pnaic-Valenca-_DSC7897-Copy.JPG?t=1704477114&quot;,&quot;description&quot;:&quot; &quot;,&quot;alttext&quot;:&quot;Pnaic Valen\\u00e7a _DSC7897 (Copy)&quot;,&quot;style&quot;:&quot;&quot;},{&quot;pid&quot;:57001,&quot;imageURL&quot;:&quot;https:\\\/\\\/portalv1.com.br\\\/app\\\/wp-content\\\/gallery\\\/pnaic-1\\\/Pnaic-Valenca-_DSC7906-Copy.JPG?t=1704476546&quot;,&quot;thumbnailURL&quot;:&quot;https:\\\/\\\/portalv1.com.br\\\/app\\\/wp-content\\\/gallery\\\/pnaic-1\\\/thumbs\\\/thumbs_Pnaic-Valenca-_DSC7906-Copy.JPG?t=1704476546&quot;,&quot;description&quot;:&quot; &quot;,&quot;alttext&quot;:&quot;Pnaic Valen\\u00e7a _DSC7906 (Copy)&quot;,&quot;style&quot;:&quot;&quot;},{&quot;pid&quot;:57002,&quot;imageURL&quot;:&quot;https:\\\/\\\/portalv1.com.br\\\/app\\\/wp-content\\\/gallery\\\/pnaic-1\\\/Pnaic-Valenca-_DSC7922-Copy.JPG?t=1704476240&quot;,&quot;thumbnailURL&quot;:&quot;https:\\\/\\\/portalv1.com.br\\\/app\\\/wp-content\\\/gallery\\\/pnaic-1\\\/thumbs\\\/thumbs_Pnaic-Valenca-_DSC7922-Copy.JPG?t=1704476240&quot;,&quot;description&quot;:&quot; &quot;,&quot;alttext&quot;:&quot;Pnaic Valen\\u00e7a _DSC7922 (Copy)&quot;,&quot;style&quot;:&quot;&quot;},{&quot;pid&quot;:57003,&quot;imageURL&quot;:&quot;https:\\\/\\\/portalv1.com.br\\\/app\\\/wp-content\\\/gallery\\\/pnaic-1\\\/Pnaic-Valenca-_DSC7947-Copy.JPG?t=1704476721&quot;,&quot;thumbnailURL&quot;:&quot;https:\\\/\\\/portalv1.com.br\\\/app\\\/wp-content\\\/gallery\\\/pnaic-1\\\/thumbs\\\/thumbs_Pnaic-Valenca-_DSC7947-Copy.JPG?t=1704476721&quot;,&quot;description&quot;:&quot; &quot;,&quot;alttext&quot;:&quot;Pnaic Valen\\u00e7a _DSC7947 (Copy)&quot;,&quot;style&quot;:&quot;&quot;},{&quot;pid&quot;:57004,&quot;imageURL&quot;:&quot;https:\\\/\\\/portalv1.com.br\\\/app\\\/wp-content\\\/gallery\\\/pnaic-1\\\/Pnaic-Valenca-_DSC7963-Copy.JPG?t=1704477072&quot;,&quot;thumbnailURL&quot;:&quot;https:\\\/\\\/portalv1.com.br\\\/app\\\/wp-content\\\/gallery\\\/pnaic-1\\\/thumbs\\\/thumbs_Pnaic-Valenca-_DSC7963-Copy.JPG?t=1704477072&quot;,&quot;description&quot;:&quot; &quot;,&quot;alttext&quot;:&quot;Pnaic Valen\\u00e7a _DSC7963 (Copy)&quot;,&quot;style&quot;:&quot;&quot;},{&quot;pid&quot;:57005,&quot;imageURL&quot;:&quot;https:\\\/\\\/portalv1.com.br\\\/app\\\/wp-content\\\/gallery\\\/pnaic-1\\\/Pnaic-Valenca-_DSC7967-Copy.JPG?t=1704476065&quot;,&quot;thumbnailURL&quot;:&quot;https:\\\/\\\/portalv1.com.br\\\/app\\\/wp-content\\\/gallery\\\/pnaic-1\\\/thumbs\\\/thumbs_Pnaic-Valenca-_DSC7967-Copy.JPG?t=1704476065&quot;,&quot;description&quot;:&quot; &quot;,&quot;alttext&quot;:&quot;Pnaic Valen\\u00e7a _DSC7967 (Copy)&quot;,&quot;style&quot;:&quot;&quot;},{&quot;pid&quot;:57006,&quot;imageURL&quot;:&quot;https:\\\/\\\/portalv1.com.br\\\/app\\\/wp-content\\\/gallery\\\/pnaic-1\\\/Pnaic-Valenca-_DSC7986-Copy.JPG?t=1704477158&quot;,&quot;thumbnailURL&quot;:&quot;https:\\\/\\\/portalv1.com.br\\\/app\\\/wp-content\\\/gallery\\\/pnaic-1\\\/thumbs\\\/thumbs_Pnaic-Valenca-_DSC7986-Copy.JPG?t=1704477158&quot;,&quot;description&quot;:&quot; &quot;,&quot;alttext&quot;:&quot;Pnaic Valen\\u00e7a _DSC7986 (Copy)&quot;,&quot;style&quot;:&quot;&quot;},{&quot;pid&quot;:57007,&quot;imageURL&quot;:&quot;https:\\\/\\\/portalv1.com.br\\\/app\\\/wp-content\\\/gallery\\\/pnaic-1\\\/Pnaic-Valenca-_DSC7994-Copy.JPG?t=1704476415&quot;,&quot;thumbnailURL&quot;:&quot;https:\\\/\\\/portalv1.com.br\\\/app\\\/wp-content\\\/gallery\\\/pnaic-1\\\/thumbs\\\/thumbs_Pnaic-Valenca-_DSC7994-Copy.JPG?t=1704476415&quot;,&quot;description&quot;:&quot; &quot;,&quot;alttext&quot;:&quot;Pnaic Valen\\u00e7a _DSC7994 (Copy)&quot;,&quot;style&quot;:&quot;&quot;},{&quot;pid&quot;:57008,&quot;imageURL&quot;:&quot;https:\\\/\\\/portalv1.com.br\\\/app\\\/wp-content\\\/gallery\\\/pnaic-1\\\/Pnaic-Valenca-_DSC8002-Copy.JPG?t=1704495770&quot;,&quot;thumbnailURL&quot;:&quot;https:\\\/\\\/portalv1.com.br\\\/app\\\/wp-content\\\/gallery\\\/pnaic-1\\\/thumbs\\\/thumbs_Pnaic-Valenca-_DSC8002-Copy.JPG?t=1704495770&quot;,&quot;description&quot;:&quot; &quot;,&quot;alttext&quot;:&quot;Pnaic Valen\\u00e7a _DSC8002 (Copy)&quot;,&quot;style&quot;:&quot;&quot;},{&quot;pid&quot;:57009,&quot;imageURL&quot;:&quot;https:\\\/\\\/portalv1.com.br\\\/app\\\/wp-content\\\/gallery\\\/pnaic-1\\\/Pnaic-Valenca-_DSC8006-Copy.JPG?t=1704477027&quot;,&quot;thumbnailURL&quot;:&quot;https:\\\/\\\/portalv1.com.br\\\/app\\\/wp-content\\\/gallery\\\/pnaic-1\\\/thumbs\\\/thumbs_Pnaic-Valenca-_DSC8006-Copy.JPG?t=1704477027&quot;,&quot;description&quot;:&quot; &quot;,&quot;alttext&quot;:&quot;Pnaic Valen\\u00e7a _DSC8006 (Copy)&quot;,&quot;style&quot;:&quot;&quot;},{&quot;pid&quot;:57010,&quot;imageURL&quot;:&quot;https:\\\/\\\/portalv1.com.br\\\/app\\\/wp-content\\\/gallery\\\/pnaic-1\\\/Pnaic-Valenca-_DSC8007-Copy.JPG?t=1704476197&quot;,&quot;thumbnailURL&quot;:&quot;https:\\\/\\\/portalv1.com.br\\\/app\\\/wp-content\\\/gallery\\\/pnaic-1\\\/thumbs\\\/thumbs_Pnaic-Valenca-_DSC8007-Copy.JPG?t=1704476197&quot;,&quot;description&quot;:&quot; &quot;,&quot;alttext&quot;:&quot;Pnaic Valen\\u00e7a _DSC8007 (Copy)&quot;,&quot;style&quot;:&quot;&quot;},{&quot;pid&quot;:57011,&quot;imageURL&quot;:&quot;https:\\\/\\\/portalv1.com.br\\\/app\\\/wp-content\\\/gallery\\\/pnaic-1\\\/Pnaic-Valenca-_DSC8013-Copy.JPG?t=1704476328&quot;,&quot;thumbnailURL&quot;:&quot;https:\\\/\\\/portalv1.com.br\\\/app\\\/wp-content\\\/gallery\\\/pnaic-1\\\/thumbs\\\/thumbs_Pnaic-Valenca-_DSC8013-Copy.JPG?t=1704476328&quot;,&quot;description&quot;:&quot; &quot;,&quot;alttext&quot;:&quot;Pnaic Valen\\u00e7a _DSC8013 (Copy)&quot;,&quot;style&quot;:&quot;&quot;},{&quot;pid&quot;:57012,&quot;imageURL&quot;:&quot;https:\\\/\\\/portalv1.com.br\\\/app\\\/wp-content\\\/gallery\\\/pnaic-1\\\/Pnaic-Valenca-_DSC8018-Copy.JPG?t=1704495743&quot;,&quot;thumbnailURL&quot;:&quot;https:\\\/\\\/portalv1.com.br\\\/app\\\/wp-content\\\/gallery\\\/pnaic-1\\\/thumbs\\\/thumbs_Pnaic-Valenca-_DSC8018-Copy.JPG?t=1704495743&quot;,&quot;description&quot;:&quot; &quot;,&quot;alttext&quot;:&quot;Pnaic Valen\\u00e7a _DSC8018 (Copy)&quot;,&quot;style&quot;:&quot;&quot;},{&quot;pid&quot;:57013,&quot;imageURL&quot;:&quot;https:\\\/\\\/portalv1.com.br\\\/app\\\/wp-content\\\/gallery\\\/pnaic-1\\\/Pnaic-Valenca-_DSC8022-Copy.JPG?t=1704476109&quot;,&quot;thumbnailURL&quot;:&quot;https:\\\/\\\/portalv1.com.br\\\/app\\\/wp-content\\\/gallery\\\/pnaic-1\\\/thumbs\\\/thumbs_Pnaic-Valenca-_DSC8022-Copy.JPG?t=1704476109&quot;,&quot;description&quot;:&quot; &quot;,&quot;alttext&quot;:&quot;Pnaic Valen\\u00e7a _DSC8022 (Copy)&quot;,&quot;style&quot;:&quot;&quot;},{&quot;pid&quot;:57014,&quot;imageURL&quot;:&quot;https:\\\/\\\/portalv1.com.br\\\/app\\\/wp-content\\\/gallery\\\/pnaic-1\\\/Pnaic-Valenca-_DSC8031-Copy.JPG?t=1704495689&quot;,&quot;thumbnailURL&quot;:&quot;https:\\\/\\\/portalv1.com.br\\\/app\\\/wp-content\\\/gallery\\\/pnaic-1\\\/thumbs\\\/thumbs_Pnaic-Valenca-_DSC8031-Copy.JPG?t=1704495689&quot;,&quot;description&quot;:&quot; &quot;,&quot;alttext&quot;:&quot;Pnaic Valen\\u00e7a _DSC8031 (Copy)&quot;,&quot;style&quot;:&quot;&quot;},{&quot;pid&quot;:57015,&quot;imageURL&quot;:&quot;https:\\\/\\\/portalv1.com.br\\\/app\\\/wp-content\\\/gallery\\\/pnaic-1\\\/Pnaic-Valenca-_DSC8036-Copy.JPG?t=1704476284&quot;,&quot;thumbnailURL&quot;:&quot;https:\\\/\\\/portalv1.com.br\\\/app\\\/wp-content\\\/gallery\\\/pnaic-1\\\/thumbs\\\/thumbs_Pnaic-Valenca-_DSC8036-Copy.JPG?t=1704476284&quot;,&quot;description&quot;:&quot; &quot;,&quot;alttext&quot;:&quot;Pnaic Valen\\u00e7a _DSC8036 (Copy)&quot;,&quot;style&quot;:&quot;&quot;},{&quot;pid&quot;:57016,&quot;imageURL&quot;:&quot;https:\\\/\\\/portalv1.com.br\\\/app\\\/wp-content\\\/gallery\\\/pnaic-1\\\/Pnaic-Valenca-_DSC8041-Copy.JPG?t=1711983594&quot;,&quot;thumbnailURL&quot;:&quot;https:\\\/\\\/portalv1.com.br\\\/app\\\/wp-content\\\/gallery\\\/pnaic-1\\\/thumbs\\\/thumbs_Pnaic-Valenca-_DSC8041-Copy.JPG?t=1711983594&quot;,&quot;description&quot;:&quot; &quot;,&quot;alttext&quot;:&quot;Pnaic Valen\\u00e7a _DSC8041 (Copy)&quot;,&quot;style&quot;:&quot;&quot;},{&quot;pid&quot;:57017,&quot;imageURL&quot;:&quot;https:\\\/\\\/portalv1.com.br\\\/app\\\/wp-content\\\/gallery\\\/pnaic-1\\\/Pnaic-Valenca-_DSC8048-Copy.JPG?t=1711983536&quot;,&quot;thumbnailURL&quot;:&quot;https:\\\/\\\/portalv1.com.br\\\/app\\\/wp-content\\\/gallery\\\/pnaic-1\\\/thumbs\\\/thumbs_Pnaic-Valenca-_DSC8048-Copy.JPG?t=1711983536&quot;,&quot;description&quot;:&quot; &quot;,&quot;alttext&quot;:&quot;Pnaic Valen\\u00e7a _DSC8048 (Copy)&quot;,&quot;style&quot;:&quot;&quot;},{&quot;pid&quot;:57018,&quot;imageURL&quot;:&quot;https:\\\/\\\/portalv1.com.br\\\/app\\\/wp-content\\\/gallery\\\/pnaic-1\\\/Pnaic-Valenca-_DSC8054-Copy.JPG?t=1711977432&quot;,&quot;thumbnailURL&quot;:&quot;https:\\\/\\\/portalv1.com.br\\\/app\\\/wp-content\\\/gallery\\\/pnaic-1\\\/thumbs\\\/thumbs_Pnaic-Valenca-_DSC8054-Copy.JPG?t=1711977432&quot;,&quot;description&quot;:&quot; &quot;,&quot;alttext&quot;:&quot;Pnaic Valen\\u00e7a _DSC8054 (Copy)&quot;,&quot;style&quot;:&quot;&quot;},{&quot;pid&quot;:57019,&quot;imageURL&quot;:&quot;https:\\\/\\\/portalv1.com.br\\\/app\\\/wp-content\\\/gallery\\\/pnaic-1\\\/Pnaic-Valenca-_DSC8061-Copy.JPG?t=1711975272&quot;,&quot;thumbnailURL&quot;:&quot;https:\\\/\\\/portalv1.com.br\\\/app\\\/wp-content\\\/gallery\\\/pnaic-1\\\/thumbs\\\/thumbs_Pnaic-Valenca-_DSC8061-Copy.JPG?t=1711975272&quot;,&quot;description&quot;:&quot; &quot;,&quot;alttext&quot;:&quot;Pnaic Valen\\u00e7a _DSC8061 (Copy)&quot;,&quot;style&quot;:&quot;&quot;},{&quot;pid&quot;:57020,&quot;imageURL&quot;:&quot;https:\\\/\\\/portalv1.com.br\\\/app\\\/wp-content\\\/gallery\\\/pnaic-1\\\/Pnaic-Valenca-_DSC8073-Copy.JPG?t=1711976064&quot;,&quot;thumbnailURL&quot;:&quot;https:\\\/\\\/portalv1.com.br\\\/app\\\/wp-content\\\/gallery\\\/pnaic-1\\\/thumbs\\\/thumbs_Pnaic-Valenca-_DSC8073-Copy.JPG?t=1711976064&quot;,&quot;description&quot;:&quot; &quot;,&quot;alttext&quot;:&quot;Pnaic Valen\\u00e7a _DSC8073 (Copy)&quot;,&quot;style&quot;:&quot;&quot;},{&quot;pid&quot;:57021,&quot;imageURL&quot;:&quot;https:\\\/\\\/portalv1.com.br\\\/app\\\/wp-content\\\/gallery\\\/pnaic-1\\\/Pnaic-Valenca-_DSC8076-Copy.JPG?t=1711971829&quot;,&quot;thumbnailURL&quot;:&quot;https:\\\/\\\/portalv1.com.br\\\/app\\\/wp-content\\\/gallery\\\/pnaic-1\\\/thumbs\\\/thumbs_Pnaic-Valenca-_DSC8076-Copy.JPG?t=1711971829&quot;,&quot;description&quot;:&quot; &quot;,&quot;alttext&quot;:&quot;Pnaic Valen\\u00e7a _DSC8076 (Copy)&quot;,&quot;style&quot;:&quot;&quot;},{&quot;pid&quot;:57022,&quot;imageURL&quot;:&quot;https:\\\/\\\/portalv1.com.br\\\/app\\\/wp-content\\\/gallery\\\/pnaic-1\\\/Pnaic-Valenca-_DSC8085-Copy.JPG?t=1711999562&quot;,&quot;thumbnailURL&quot;:&quot;https:\\\/\\\/portalv1.com.br\\\/app\\\/wp-content\\\/gallery\\\/pnaic-1\\\/thumbs\\\/thumbs_Pnaic-Valenca-_DSC8085-Copy.JPG?t=1711999562&quot;,&quot;description&quot;:&quot; &quot;,&quot;alttext&quot;:&quot;Pnaic Valen\\u00e7a _DSC8085 (Copy)&quot;,&quot;style&quot;:&quot;&quot;},{&quot;pid&quot;:57023,&quot;imageURL&quot;:&quot;https:\\\/\\\/portalv1.com.br\\\/app\\\/wp-content\\\/gallery\\\/pnaic-1\\\/Pnaic-Valenca-_DSC8086-Copy.JPG?t=1709608583&quot;,&quot;thumbnailURL&quot;:&quot;https:\\\/\\\/portalv1.com.br\\\/app\\\/wp-content\\\/gallery\\\/pnaic-1\\\/thumbs\\\/thumbs_Pnaic-Valenca-_DSC8086-Copy.JPG?t=1709608583&quot;,&quot;description&quot;:&quot; &quot;,&quot;alttext&quot;:&quot;Pnaic Valen\\u00e7a _DSC8086 (Copy)&quot;,&quot;style&quot;:&quot;&quot;},{&quot;pid&quot;:57024,&quot;imageURL&quot;:&quot;https:\\\/\\\/portalv1.com.br\\\/app\\\/wp-content\\\/gallery\\\/pnaic-1\\\/Pnaic-Valenca-_DSC8094-Copy.JPG?t=1711974912&quot;,&quot;thumbnailURL&quot;:&quot;https:\\\/\\\/portalv1.com.br\\\/app\\\/wp-content\\\/gallery\\\/pnaic-1\\\/thumbs\\\/thumbs_Pnaic-Valenca-_DSC8094-Copy.JPG?t=1711974912&quot;,&quot;description&quot;:&quot; &quot;,&quot;alttext&quot;:&quot;Pnaic Valen\\u00e7a _DSC8094 (Copy)&quot;,&quot;style&quot;:&quot;&quot;},{&quot;pid&quot;:57025,&quot;imageURL&quot;:&quot;https:\\\/\\\/portalv1.com.br\\\/app\\\/wp-content\\\/gallery\\\/pnaic-1\\\/Pnaic-Valenca-_DSC8099-Copy.JPG?t=1711978800&quot;,&quot;thumbnailURL&quot;:&quot;https:\\\/\\\/portalv1.com.br\\\/app\\\/wp-content\\\/gallery\\\/pnaic-1\\\/thumbs\\\/thumbs_Pnaic-Valenca-_DSC8099-Copy.JPG?t=1711978800&quot;,&quot;description&quot;:&quot; &quot;,&quot;alttext&quot;:&quot;Pnaic Valen\\u00e7a _DSC8099 (Copy)&quot;,&quot;style&quot;:&quot;&quot;},{&quot;pid&quot;:57026,&quot;imageURL&quot;:&quot;https:\\\/\\\/portalv1.com.br\\\/app\\\/wp-content\\\/gallery\\\/pnaic-1\\\/Pnaic-Valenca-_DSC8107-Copy.JPG?t=1711983418&quot;,&quot;thumbnailURL&quot;:&quot;https:\\\/\\\/portalv1.com.br\\\/app\\\/wp-content\\\/gallery\\\/pnaic-1\\\/thumbs\\\/thumbs_Pnaic-Valenca-_DSC8107-Copy.JPG?t=1711983418&quot;,&quot;description&quot;:&quot; &quot;,&quot;alttext&quot;:&quot;Pnaic Valen\\u00e7a _DSC8107 (Copy)&quot;,&quot;style&quot;:&quot;&quot;},{&quot;pid&quot;:57027,&quot;imageURL&quot;:&quot;https:\\\/\\\/portalv1.com.br\\\/app\\\/wp-content\\\/gallery\\\/pnaic-1\\\/Pnaic-Valenca-_DSC8118-Copy.JPG?t=1711976280&quot;,&quot;thumbnailURL&quot;:&quot;https:\\\/\\\/portalv1.com.br\\\/app\\\/wp-content\\\/gallery\\\/pnaic-1\\\/thumbs\\\/thumbs_Pnaic-Valenca-_DSC8118-Copy.JPG?t=1711976280&quot;,&quot;description&quot;:&quot; &quot;,&quot;alttext&quot;:&quot;Pnaic Valen\\u00e7a _DSC8118 (Copy)&quot;,&quot;style&quot;:&quot;&quot;},{&quot;pid&quot;:57028,&quot;imageURL&quot;:&quot;https:\\\/\\\/portalv1.com.br\\\/app\\\/wp-content\\\/gallery\\\/pnaic-1\\\/Pnaic-Valenca-_DSC8135-Copy.JPG?t=1711978152&quot;,&quot;thumbnailURL&quot;:&quot;https:\\\/\\\/portalv1.com.br\\\/app\\\/wp-content\\\/gallery\\\/pnaic-1\\\/thumbs\\\/thumbs_Pnaic-Valenca-_DSC8135-Copy.JPG?t=1711978152&quot;,&quot;description&quot;:&quot; &quot;,&quot;alttext&quot;:&quot;Pnaic Valen\\u00e7a _DSC8135 (Copy)&quot;,&quot;style&quot;:&quot;&quot;}]}}'><\/div>.<\/p>\n","protected":false},"excerpt":{"rendered":"<p>A Secretaria Municipal de Educa\u00e7\u00e3o de Valen\u00e7a, juntamente com a de Novo Oriente realizaram nesta sexta-feira (30) no audit\u00f3rio do Col\u00e9gio Santo Ant\u00f4nio, o IV Semin\u00e1rio Municipal do Pacto Nacional&#8230;<\/p>\n","protected":false},"author":1,"featured_media":34512,"comment_status":"open","ping_status":"open","sticky":false,"template":"","format":"standard","meta":{"ngg_post_thumbnail":0,"footnotes":""},"categories":[12],"tags":[],"class_list":["post-34511","post","type-post","status-publish","format-standard","has-post-thumbnail","hentry","category-valenca-news"],"views":1351,"meta_data":{"thumb":"https:\/\/portalv1.com.br\/app\/wp-content\/uploads\/2017\/06\/Pnaic-Valenca-_DSC7843-Copy.jpg","imagem":{"fullsize":{"url":"https:\/\/portalv1.com.br\/app\/wp-content\/uploads\/2017\/06\/Pnaic-Valenca-_DSC7843-Copy.jpg","width":640,"height":428},"thumbnail":{"url":"https:\/\/portalv1.com.br\/app\/wp-content\/uploads\/2017\/06\/Pnaic-Valenca-_DSC7843-Copy-100x100.jpg","width":100,"height":100},"medium":{"url":"https:\/\/portalv1.com.br\/app\/wp-content\/uploads\/2017\/06\/Pnaic-Valenca-_DSC7843-Copy-300x201.jpg","width":300,"height":201},"large":{"url":"https:\/\/portalv1.com.br\/app\/wp-content\/uploads\/2017\/06\/Pnaic-Valenca-_DSC7843-Copy-640x428.jpg","width":640,"height":428}},"data":{"simple":"30\/06\/2017","date_time":"30\/06\/2017 17:59:27","date":"h\u00e1 9 anos"},"chapeu":"PNAIC","source":"foto_menor"},"_links":{"self":[{"href":"https:\/\/portalv1.com.br\/api\/wp\/v2\/posts\/34511","targetHints":{"allow":["GET"]}}],"collection":[{"href":"https:\/\/portalv1.com.br\/api\/wp\/v2\/posts"}],"about":[{"href":"https:\/\/portalv1.com.br\/api\/wp\/v2\/types\/post"}],"author":[{"embeddable":true,"href":"https:\/\/portalv1.com.br\/api\/wp\/v2\/users\/1"}],"replies":[{"embeddable":true,"href":"https:\/\/portalv1.com.br\/api\/wp\/v2\/comments?post=34511"}],"version-history":[{"count":0,"href":"https:\/\/portalv1.com.br\/api\/wp\/v2\/posts\/34511\/revisions"}],"wp:featuredmedia":[{"embeddable":true,"href":"https:\/\/portalv1.com.br\/api\/wp\/v2\/media\/34512"}],"wp:attachment":[{"href":"https:\/\/portalv1.com.br\/api\/wp\/v2\/media?parent=34511"}],"wp:term":[{"taxonomy":"category","embeddable":true,"href":"https:\/\/portalv1.com.br\/api\/wp\/v2\/categories?post=34511"},{"taxonomy":"post_tag","embeddable":true,"href":"https:\/\/portalv1.com.br\/api\/wp\/v2\/tags?post=34511"}],"curies":[{"name":"wp","href":"https:\/\/api.w.org\/{rel}","templated":true}]}}