{"id":34673,"date":"2017-07-06T09:21:15","date_gmt":"2017-07-06T12:21:15","guid":{"rendered":"https:\/\/portalv1.com.br\/?p=34673"},"modified":"2017-07-06T09:22:42","modified_gmt":"2017-07-06T12:22:42","slug":"povo-nao-pode-ser-crucificado-diz-presidente-da-cnbb-em-visita-ao-piaui","status":"publish","type":"post","link":"https:\/\/portalv1.com.br\/povo-nao-pode-ser-crucificado-diz-presidente-da-cnbb-em-visita-ao-piaui\/","title":{"rendered":"&#8216;Povo n\u00e3o pode ser crucificado&#8217;, diz presidente da CNBB em visita ao Piau\u00ed"},"content":{"rendered":"<figure id=\"attachment_34674\" aria-describedby=\"caption-attachment-34674\" style=\"width: 640px\" class=\"wp-caption aligncenter\"><a href=\"https:\/\/portalv1.com.br\/app\/wp-content\/uploads\/2017\/07\/alcantara.jpg\"><img loading=\"lazy\" decoding=\"async\" class=\"wp-image-34674 size-large\" src=\"https:\/\/portalv1.com.br\/app\/wp-content\/uploads\/2017\/07\/alcantara-640x480.jpg\" alt=\"\" width=\"640\" height=\"480\" srcset=\"https:\/\/portalv1.com.br\/app\/wp-content\/uploads\/2017\/07\/alcantara.jpg 640w, https:\/\/portalv1.com.br\/app\/wp-content\/uploads\/2017\/07\/alcantara-300x225.jpg 300w\" sizes=\"auto, (max-width: 640px) 100vw, 640px\" \/><\/a><figcaption id=\"caption-attachment-34674\" class=\"wp-caption-text\">O presidente da CNBB com o ex-prefeito Alc\u00e2ntara durante visita a Valen\u00e7a do Piaui, quando era arcebispo de Teresina.<\/figcaption><\/figure>\n<p>Em sua primeira visita ao Piau\u00ed como cardeal, o presidente da Confer\u00eancia Nacional dos Bispos do Brasil (CNBB), Dom S\u00e9rgio da Rocha, declarou que n\u00e3o existe sa\u00edda para a crise do pa\u00eds sem superar a corrup\u00e7\u00e3o e que o &#8220;povo brasileiro n\u00e3o pode ser crucificado&#8221;.&nbsp;O religioso defendeu a necessidade urgente de reforma pol\u00edtica, di\u00e1logo e separa\u00e7\u00e3o entre p\u00fablico e privado.&nbsp;<\/p>\n<p>&#8220;Misturar o p\u00fablico e privado na pol\u00edtica traz consequ\u00eancias tristes para o povo e nossas fam\u00edlias. O povo brasileiro n\u00e3o pode ser crucificado pela corrup\u00e7\u00e3o. Acima de tudo, precisamos de posturas crist\u00e3s diante da realidade social e pol\u00edtica que a\u00ed est\u00e3o. A primeira postura \u00e9 a defesa da \u00e9tica na vida p\u00fablica, na pol\u00edtica e no dia a dia da vida&#8221;, defende.<\/p>\n<p>Segundo ele, resgatar a \u00e9tica na pol\u00edtica \u00e9 um dos maiores desafios atuais no pa\u00eds.&nbsp;<\/p>\n<p>&#8220;Rejeitamos a corrup\u00e7\u00e3o que acontece no mundo pol\u00edtico, mas n\u00e3o podemos aceitar, aparentemente, atos pequenos de corrup\u00e7\u00e3o no dia a dia da pessoas. &#8216;N\u00e3o&#8217; a corrup\u00e7\u00e3o e a indiferen\u00e7a, e &nbsp;&#8216;sim&#8217; a \u00e9tica e participa\u00e7\u00e3o pol\u00edtica. A reforma pol\u00edtica tem sido esquecida, tem se dado aten\u00e7\u00e3o apenas para outras reformas &#8221; declarou, em entrevista coletiva na Resid\u00eancia Episcopal, na manh\u00e3 desta quarta-feira (5), em Teresina. &nbsp;<\/p>\n<p>O religioso criticou as reformas Trabalhista e da Previd\u00eancia e insiste que as decis\u00f5es n\u00e3o podem ficar restritas ao Congresso Nacional.&nbsp;<\/p>\n<p>&#8220;Precisamos do Congresso Nacional dialogando com a sociedade civil organizada, precisamos do povo se interessando pelo o que se passa no Brasil, reflita sobre isso e se mobilize. Sabemos das dificuldades vividas no momento, onde h\u00e1 um certo descr\u00e9dito em rela\u00e7\u00e3o ao pol\u00edticos e a pol\u00edtca. Contudo, a pol\u00edtica \u00e9 muito importante na sociedade democr\u00e1tica. N\u00e3o d\u00e1 pra ter uma sociedade democr\u00e1tica sem media\u00e7\u00e3o pol\u00edtica. O alerta \u00e9 para que n\u00e3o se perca direitos conquistados. Ao se fazer reformas, corre se o risco de desrespeitar direitos. \u00c9 preciso mais di\u00e1logo e menos pressa na aprova\u00e7\u00e3o de reformas, pois elas mexem com a vida do povo&#8221;, acredita.&nbsp;<\/p>\n<p>Apesar de n\u00e3o se pronunciar diretamente sobre elei\u00e7\u00f5es diretas, o cardeal refor\u00e7a que a Constitui\u00e7\u00e3o Brasileira deve ser considerada.<\/p>\n<p>&#8220;Defendemos um novo modo de fazer pol\u00edtica baseado na \u00e9tica, na busca efetiva do bem do povo brasileiro. Na pol\u00edtica, o crist\u00e3o deveria fazer a diferen\u00e7a. A igreja n\u00e3o tem postura pol\u00edtica partid\u00e1ria como institui\u00e7\u00e3o, mas incentiva os fieis a participarem da pol\u00edtica&#8221;, declarou.<\/p>\n<p>Em conversa com jornalistas, o presidente da CNBB, que j\u00e1 foi arcebispo da Arquidiocese de Teresina, tamb\u00e9m admitiu que sente saudades da capital piauiense.<\/p>\n<p>&#8220;Chego a Teresina com saudades e gratid\u00e3o. Aqui tem muita gente boa e generosa. Esse \u00e9 um momento de alegria, reconhecimento e gratid\u00e3o. Tenho a felicidade de reencontrar tanta gente querida que caminhou comigo nos tempos em que fui arcebispo e continua a caminhar na Igreja&#8221;, disse o cardeal.&nbsp;<\/p>\n<p>Dom S\u00e9rgio tamb\u00e9m elogiou o papa Francisco &nbsp;e destacou o papel do pont\u00edfice no que considera os maiores desafios da igreja cat\u00f3lica.&nbsp;<\/p>\n<p>&#8220;O papa tem dado uma contribui\u00e7\u00e3o imensa a Igreja , seja esta, espiritual, mission\u00e1ria. Sobretudo, insistindo na import\u00e2ncia da miseric\u00f3rdia, da acolhida fraterna, da simplicidade e da busca da Justi\u00e7a. O papa tem contribu\u00eddo para a renova\u00e7\u00e3o da vida da Igreja&#8230; nosso maior desafio \u00e9 evangelizar diferentes situa\u00e7\u00f5es como a realidade marcada pela pobreza, por exemplo, al\u00e9m de conjugar preocupa\u00e7\u00f5es internas da Igreja com quest\u00f5es sociais&#8221;, disse o cardeal.<\/p>\n<p>Sobre casos de intoler\u00eancia em v\u00e1rios aspectos e agressividade, o&nbsp;religioso destacou a import\u00e2ncia do respeito ao pr\u00f3ximo.<\/p>\n<p>&#8220;Temos insistido no di\u00e1logo e na conviv\u00eancia respeitosa entre as pessoas que pensam diferente. Quem pensa diferente n\u00e3o pode ser considerado um inimigo. Deve ser respeitado. Temos muito que aprender com o outro. Precisamos da postura de n\u00e3o viol\u00eancia nas redes sociais, nas ruas e nas fam\u00edlias&#8221;, defendeu Dom S\u00e9rgio que, atualmente, \u00e9 arcebispo de Bras\u00edlia.<\/p>\n<p>Na Capital, o cardeal ser\u00e1 homenageado com a medalha do m\u00e9rito Samaritano, comenda oferecida pela Arquidiocese de Teresina e&nbsp;A\u00e7\u00e3o Social Arquidiocesana (ASA), a pessoas com relevantes trabalhos sociais. Na foto o presidente da CNBB com o ex-prefeito Alc\u00e2ntara durante visita a Valen\u00e7a do Piaui, quando era arcebispo de Teresina.&nbsp;<\/p>\n<p>Fonte: cidadeverde<\/p>\n<p>&nbsp;<\/p>\n","protected":false},"excerpt":{"rendered":"<p>Em sua primeira visita ao Piau\u00ed como cardeal, o presidente da Confer\u00eancia Nacional dos Bispos do Brasil (CNBB), Dom S\u00e9rgio da Rocha, declarou que n\u00e3o existe sa\u00edda para a crise&#8230;<\/p>\n","protected":false},"author":1,"featured_media":34674,"comment_status":"open","ping_status":"open","sticky":false,"template":"","format":"standard","meta":{"ngg_post_thumbnail":0,"footnotes":""},"categories":[12],"tags":[],"class_list":["post-34673","post","type-post","status-publish","format-standard","has-post-thumbnail","hentry","category-valenca-news"],"views":466,"meta_data":{"thumb":"https:\/\/portalv1.com.br\/app\/wp-content\/uploads\/2017\/07\/alcantara.jpg","imagem":{"fullsize":{"url":"https:\/\/portalv1.com.br\/app\/wp-content\/uploads\/2017\/07\/alcantara.jpg","width":640,"height":480},"thumbnail":{"url":"https:\/\/portalv1.com.br\/app\/wp-content\/uploads\/2017\/07\/alcantara-100x100.jpg","width":100,"height":100},"medium":{"url":"https:\/\/portalv1.com.br\/app\/wp-content\/uploads\/2017\/07\/alcantara-300x225.jpg","width":300,"height":225},"large":{"url":"https:\/\/portalv1.com.br\/app\/wp-content\/uploads\/2017\/07\/alcantara-640x480.jpg","width":640,"height":480}},"data":{"simple":"06\/07\/2017","date_time":"06\/07\/2017 06:21:15","date":"h\u00e1 9 anos"},"chapeu":"Confer\u00eancia Nacional dos Bispos do Brasil ","source":"slide"},"_links":{"self":[{"href":"https:\/\/portalv1.com.br\/api\/wp\/v2\/posts\/34673","targetHints":{"allow":["GET"]}}],"collection":[{"href":"https:\/\/portalv1.com.br\/api\/wp\/v2\/posts"}],"about":[{"href":"https:\/\/portalv1.com.br\/api\/wp\/v2\/types\/post"}],"author":[{"embeddable":true,"href":"https:\/\/portalv1.com.br\/api\/wp\/v2\/users\/1"}],"replies":[{"embeddable":true,"href":"https:\/\/portalv1.com.br\/api\/wp\/v2\/comments?post=34673"}],"version-history":[{"count":0,"href":"https:\/\/portalv1.com.br\/api\/wp\/v2\/posts\/34673\/revisions"}],"wp:featuredmedia":[{"embeddable":true,"href":"https:\/\/portalv1.com.br\/api\/wp\/v2\/media\/34674"}],"wp:attachment":[{"href":"https:\/\/portalv1.com.br\/api\/wp\/v2\/media?parent=34673"}],"wp:term":[{"taxonomy":"category","embeddable":true,"href":"https:\/\/portalv1.com.br\/api\/wp\/v2\/categories?post=34673"},{"taxonomy":"post_tag","embeddable":true,"href":"https:\/\/portalv1.com.br\/api\/wp\/v2\/tags?post=34673"}],"curies":[{"name":"wp","href":"https:\/\/api.w.org\/{rel}","templated":true}]}}