{"id":3507,"date":"2010-04-15T13:19:08","date_gmt":"2010-04-15T16:19:08","guid":{"rendered":"https:\/\/portalv1.com.br\/?p=3507"},"modified":"2010-04-15T13:19:08","modified_gmt":"2010-04-15T16:19:08","slug":"igreja-betesda-promove-conexao-jovem","status":"publish","type":"post","link":"https:\/\/portalv1.com.br\/igreja-betesda-promove-conexao-jovem\/","title":{"rendered":"IGREJA BETESDA PROMOVE CONEX\u00c3O JOVEM"},"content":{"rendered":"<p><a href=\"https:\/\/portalv1.com.br\/app\/wp-content\/uploads\/2010\/04\/btesdacapa.jpg\"><img loading=\"lazy\" decoding=\"async\" class=\"alignright size-full wp-image-3508\" title=\"btesdacapa\" src=\"https:\/\/portalv1.com.br\/app\/wp-content\/uploads\/2010\/04\/btesdacapa.jpg\" alt=\"btesdacapa\" width=\"300\" height=\"183\" \/><\/a>A Igreja Betesda de Valen\u00e7a promove neste s\u00e1bado (17) o 1\u00ba Conex\u00e3o Jovem, com a tem\u00e1tica sobre \u201co que \u00e9 a vida&#8221;. O evento \u00e9 voltado especificamente para o p\u00fablico adolescente e de jovens adultos.<\/p>\n<p>Dentro da mensagem reflexiva da Igreja, o encontro tem o prop\u00f3sito de levar seus participantes \u00e0 refletirem de maneira real e cr\u00edtica sobre o papel do jovem no contexto social em que o mesmo insere-se, abordando temas como espiritualidade crist\u00e3, responsabilidade social, maturidade e constru\u00e7\u00e3o de car\u00e1ter. De acordo com o Pastor da Igreja Betesda, Francilm\u00e1rio Santos o evento \u00e9 aberto ao p\u00fablico jovem em geral de Valen\u00e7a, al\u00e9m de contar com a participa\u00e7\u00e3o de igrejas das cidades de Picos e Paulistana.&#8221;Teremos muita m\u00fasica, coreografias, apresenta\u00e7\u00f5es teatrais e mesa de debate com os preletores da noite, por isso estendemos o convite \u00e0 todos&#8221;, ressaltou o pastor.<\/p>\n<p>Lembrando que o Conex\u00e3o Jovem ser\u00e1 neste s\u00e1bado, dia 17 de Abril, a partir das 19h na Igreja Betesda de Valen\u00e7a, localizada na Rua Eur\u00edpedes Martins, 1036 no centro da cidade, por tr\u00e1s da Delegacia\u00a0de Pol\u00edcia civil.<\/p>\n","protected":false},"excerpt":{"rendered":"<p>A Igreja Betesda de Valen\u00e7a promove neste s\u00e1bado (17) o 1\u00ba Conex\u00e3o Jovem, com a tem\u00e1tica sobre \u201co que \u00e9 a vida&#8221;. O evento \u00e9 voltado especificamente para o p\u00fablico&#8230;<\/p>\n","protected":false},"author":1,"featured_media":0,"comment_status":"open","ping_status":"open","sticky":false,"template":"","format":"standard","meta":{"ngg_post_thumbnail":0,"footnotes":""},"categories":[245],"tags":[686],"class_list":["post-3507","post","type-post","status-publish","format-standard","hentry","category-entretenimento","tag-betesda"],"views":2048,"meta_data":{"thumb":"https:\/\/portalv1.com.br\/app\/wp-content\/uploads\/2010\/04\/btesdacapa.jpg","data":{"simple":"15\/04\/2010","date_time":"15\/04\/2010 10:19:08","date":"h\u00e1 16 anos"},"chapeu":"","source":""},"_links":{"self":[{"href":"https:\/\/portalv1.com.br\/api\/wp\/v2\/posts\/3507","targetHints":{"allow":["GET"]}}],"collection":[{"href":"https:\/\/portalv1.com.br\/api\/wp\/v2\/posts"}],"about":[{"href":"https:\/\/portalv1.com.br\/api\/wp\/v2\/types\/post"}],"author":[{"embeddable":true,"href":"https:\/\/portalv1.com.br\/api\/wp\/v2\/users\/1"}],"replies":[{"embeddable":true,"href":"https:\/\/portalv1.com.br\/api\/wp\/v2\/comments?post=3507"}],"version-history":[{"count":0,"href":"https:\/\/portalv1.com.br\/api\/wp\/v2\/posts\/3507\/revisions"}],"wp:attachment":[{"href":"https:\/\/portalv1.com.br\/api\/wp\/v2\/media?parent=3507"}],"wp:term":[{"taxonomy":"category","embeddable":true,"href":"https:\/\/portalv1.com.br\/api\/wp\/v2\/categories?post=3507"},{"taxonomy":"post_tag","embeddable":true,"href":"https:\/\/portalv1.com.br\/api\/wp\/v2\/tags?post=3507"}],"curies":[{"name":"wp","href":"https:\/\/api.w.org\/{rel}","templated":true}]}}