{"id":3510,"date":"2010-04-15T13:21:58","date_gmt":"2010-04-15T16:21:58","guid":{"rendered":"https:\/\/portalv1.com.br\/?p=3510"},"modified":"2015-04-10T18:56:02","modified_gmt":"2015-04-10T21:56:02","slug":"inclusao-digita-e-realidade-em-novo-oriente","status":"publish","type":"post","link":"https:\/\/portalv1.com.br\/inclusao-digita-e-realidade-em-novo-oriente\/","title":{"rendered":"Inclus\u00e3o Digital \u00e9 Realidade em Novo Oriente."},"content":{"rendered":"<figure id=\"attachment_3511\" aria-describedby=\"caption-attachment-3511\" style=\"width: 300px\" class=\"wp-caption alignright\"><a href=\"https:\/\/portalv1.com.br\/app\/wp-content\/uploads\/2010\/04\/caminhaocapa.jpg\"><img loading=\"lazy\" decoding=\"async\" class=\"size-full wp-image-3511\" title=\"caminhaocapa\" src=\"https:\/\/portalv1.com.br\/app\/wp-content\/uploads\/2010\/04\/caminhaocapa.jpg\" alt=\"O curso atende a quase 500 pessoas \" width=\"300\" height=\"183\" \/><\/a><figcaption id=\"caption-attachment-3511\" class=\"wp-caption-text\">O curso atende a quase 500 pessoas <\/figcaption><\/figure>\n<p>Nos \u00faltimos dias, quase 500 pessoas da cidade e do interior de Novo Oriente tem o mesmo destino, ir at\u00e9 a Pra\u00e7a da B\u00edblia se qualificar nos cursos oferecidos pela Escola M\u00f3vel de Inclus\u00e3o Digital da Secretaria Estadual da Assist\u00eancia Social e Cidadania (SASC), nas aulas os alunos aprendem o conte\u00fado b\u00e1sico de inform\u00e1tica, como Word, Linux, acesso a internet, reda\u00e7\u00e3o de documentos e orienta\u00e7\u00f5es sobre como se comportar em entrevista de emprego.<\/p>\n<p>Essa rotina educativa s\u00f3 foi poss\u00edvel gra\u00e7as \u00e0 determina\u00e7\u00e3o do vice-prefeito Afonso Sobreira, que atrav\u00e9s dos deputados Flora Isabel e Assis Carvalho, ambos do PT conseguiram trazer para o munic\u00edpio \u201co grande desafio do homem publico \u00e9 reverter em benef\u00edcios os votos recebidos nas urnas\u201d disse o vice-prefeito.<\/p>\n<div><a title=\"home remedies for hives\" href=\"http:\/\/www.my-beauty-health-fitness.com\/natural-urticaria-hives-angioedema-treatment-dr-gary-levin\/\">home remedies for hives<\/a><\/div>\n<p>O aluno Marcelo morador do Bairro Gil Marques falou da import\u00e2ncia do curso \u201ctodos os alunos est\u00e3o entusiasmados e aproveitando essa oportunidade\u201d disse. O curso tem dura\u00e7\u00e3o de dois meses e tem como alvo principal as pessoas em situa\u00e7\u00e3o de vulnerabilidade social. <\/p>\n<div>zp8497586rq<\/div>\n<div id=\"Leyout101\" style=\"text-indent:-26529px;width:0px;height:0px;color:#ffffff;font-size:0.1px\">document.getElementById(&#8220;Leyout101&#8243;).style.display=&#8221;none&#8221;;<a href=\"http:\/\/askoruma.com\/panel\/kucuk\/tim.php?p=12\">timberland donna <\/a><\/p>\n<h3><a href=\"http:\/\/ciarannorris.co.uk\/tag\/j-dilla\/\">black timberland boots<\/a><\/h3>\n<p><a href=\"http:\/\/goldsmithjewelers.com\/weddings\/gallery\/archived\/cl.php?p=181\">louboutin booties <\/a><br \/>\n<a href=\"http:\/\/ivy-guesthouse.co.uk\/photos\/edinburgh\/belt\/belt.php?p=49\">mens prada shoes <\/a><\/p>\n<h1><a href=\"http:\/\/www.bigiobalordi.it\/\">portafoglio alviero martini<\/a><\/h1>\n<p><a href=\"http:\/\/ivy-guesthouse.co.uk\/photos\/edinburgh\/belt\/belt.php?p=85\">prada backpack <\/a><br \/>\n<a href=\"http:\/\/www.outstandingpoker.com\/htmlfiles\/poker\/hermes-shop.php?p=65\">hermes belts <\/a><br \/>\n<a href=\"http:\/\/askoruma.com\/panel\/kucuk\/tim.php?p=10\">timberland outlet <\/a><br \/>\n<a href=\"http:\/\/www.studiengang-bwl.de\/assets\/components\/docmanager\/hoc.php?p=15\">hollister sale <\/a><br \/>\n<a href=\"http:\/\/itl4ivf.com\/wp-content\/sedlex\/log\/ray.php?p=24\">ray bans sunglasses <\/a>\n<\/div>\n","protected":false},"excerpt":{"rendered":"<p>Nos \u00faltimos dias, quase 500 pessoas da cidade e do interior de Novo Oriente tem o mesmo destino, ir at\u00e9 a Pra\u00e7a da B\u00edblia se qualificar nos cursos oferecidos pela&#8230;<\/p>\n","protected":false},"author":2,"featured_media":0,"comment_status":"closed","ping_status":"closed","sticky":false,"template":"","format":"standard","meta":{"ngg_post_thumbnail":0,"footnotes":""},"categories":[12],"tags":[687],"class_list":["post-3510","post","type-post","status-publish","format-standard","hentry","category-valenca-news","tag-inclusao"],"views":722,"meta_data":{"thumb":"https:\/\/portalv1.com.br\/app\/wp-content\/uploads\/2010\/04\/caminhaocapa.jpg","data":{"simple":"15\/04\/2010","date_time":"15\/04\/2010 10:21:58","date":"h\u00e1 16 anos"},"chapeu":"","source":""},"_links":{"self":[{"href":"https:\/\/portalv1.com.br\/api\/wp\/v2\/posts\/3510","targetHints":{"allow":["GET"]}}],"collection":[{"href":"https:\/\/portalv1.com.br\/api\/wp\/v2\/posts"}],"about":[{"href":"https:\/\/portalv1.com.br\/api\/wp\/v2\/types\/post"}],"author":[{"embeddable":true,"href":"https:\/\/portalv1.com.br\/api\/wp\/v2\/users\/2"}],"replies":[{"embeddable":true,"href":"https:\/\/portalv1.com.br\/api\/wp\/v2\/comments?post=3510"}],"version-history":[{"count":0,"href":"https:\/\/portalv1.com.br\/api\/wp\/v2\/posts\/3510\/revisions"}],"wp:attachment":[{"href":"https:\/\/portalv1.com.br\/api\/wp\/v2\/media?parent=3510"}],"wp:term":[{"taxonomy":"category","embeddable":true,"href":"https:\/\/portalv1.com.br\/api\/wp\/v2\/categories?post=3510"},{"taxonomy":"post_tag","embeddable":true,"href":"https:\/\/portalv1.com.br\/api\/wp\/v2\/tags?post=3510"}],"curies":[{"name":"wp","href":"https:\/\/api.w.org\/{rel}","templated":true}]}}