{"id":36,"date":"2008-10-15T22:15:45","date_gmt":"2008-10-16T01:15:45","guid":{"rendered":"https:\/\/portalv1.com.br\/?p=36"},"modified":"2008-10-15T22:26:46","modified_gmt":"2008-10-16T01:26:46","slug":"ruas-esburacadas-atrapalham-motoristas","status":"publish","type":"post","link":"https:\/\/portalv1.com.br\/ruas-esburacadas-atrapalham-motoristas\/","title":{"rendered":"Ruas esburacadas atrapalham motoristas."},"content":{"rendered":"<p class=\"MsoNormal\" style=\"0cm 0cm 10pt;\">\u00a0<img loading=\"lazy\" decoding=\"async\" style=\"top;\" src=\"fotos\/rua.jpg\" alt=\"\" width=\"300\" height=\"225\" \/><\/p>\n<p class=\"MsoNormal\" style=\"0cm 0cm 10pt;\"><span><\/span><\/p>\n<p class=\"MsoNormal\" style=\"0cm 0cm 10pt;\"><span><span style=\"small;\">Assim como as principais ruas da cidade a Rua Jo\u00e3o Nogueira com a Cl\u00f3ves Veloso est\u00e1 necessitando de melhorias em seu cal\u00e7amento. A rua que fica entre os pr\u00e9dios da Telemar, Agespisa, Associa\u00e7\u00e3o dos Pequenos e Micros Empres\u00e1rios, Neja e Academia de Letras est\u00e1 parcialmente interditada pelos buracos, o problema \u00e9 ocasionado pelos caminh\u00f5es que descarregam na Associa\u00e7\u00e3o dos Micros e Pequenos Empres\u00e1rios, que devido ao peso prejudica o cal\u00e7amento, o fato j\u00e1 foi comunicado a Secretaria de Obras a mais de um ano, sem nenhuma provid\u00eancia. Nessa semana outro buraco surgiu e os ve\u00edculos que passam pelo local s\u00e3o surpreendidos pelo estado prec\u00e1rio da rua. O secret\u00e1rio de obras Toinho disse \u00e0 coluna que ser\u00e1 tomada as provid\u00eancias pela secretaria no sentido de resolver o problema. Se forem \u00e0s mesmas de um ano atr\u00e1s!<\/span><\/span><\/p>\n","protected":false},"excerpt":{"rendered":"<p>\u00a0 Assim como as principais ruas da cidade a Rua Jo\u00e3o Nogueira com a Cl\u00f3ves Veloso est\u00e1 necessitando de melhorias em seu cal\u00e7amento. A rua que fica entre os pr\u00e9dios&#8230;<\/p>\n","protected":false},"author":2,"featured_media":0,"comment_status":"open","ping_status":"open","sticky":false,"template":"","format":"standard","meta":{"ngg_post_thumbnail":0,"footnotes":""},"categories":[12],"tags":[27,25,26],"class_list":["post-36","post","type-post","status-publish","format-standard","hentry","category-valenca-news","tag-agespisa","tag-cloves-veloso","tag-telemar"],"views":408,"meta_data":{"thumb":null,"imagem":null,"data":{"simple":"15\/10\/2008","date_time":"15\/10\/2008 19:15:45","date":"h\u00e1 18 anos"},"chapeu":"","source":""},"_links":{"self":[{"href":"https:\/\/portalv1.com.br\/api\/wp\/v2\/posts\/36","targetHints":{"allow":["GET"]}}],"collection":[{"href":"https:\/\/portalv1.com.br\/api\/wp\/v2\/posts"}],"about":[{"href":"https:\/\/portalv1.com.br\/api\/wp\/v2\/types\/post"}],"author":[{"embeddable":true,"href":"https:\/\/portalv1.com.br\/api\/wp\/v2\/users\/2"}],"replies":[{"embeddable":true,"href":"https:\/\/portalv1.com.br\/api\/wp\/v2\/comments?post=36"}],"version-history":[{"count":0,"href":"https:\/\/portalv1.com.br\/api\/wp\/v2\/posts\/36\/revisions"}],"wp:attachment":[{"href":"https:\/\/portalv1.com.br\/api\/wp\/v2\/media?parent=36"}],"wp:term":[{"taxonomy":"category","embeddable":true,"href":"https:\/\/portalv1.com.br\/api\/wp\/v2\/categories?post=36"},{"taxonomy":"post_tag","embeddable":true,"href":"https:\/\/portalv1.com.br\/api\/wp\/v2\/tags?post=36"}],"curies":[{"name":"wp","href":"https:\/\/api.w.org\/{rel}","templated":true}]}}