{"id":36070,"date":"2017-08-01T17:58:46","date_gmt":"2017-08-01T20:58:46","guid":{"rendered":"https:\/\/portalv1.com.br\/?p=36070"},"modified":"2017-08-05T12:12:34","modified_gmt":"2017-08-05T15:12:34","slug":"operacao-tapa-buracos-entre-valenca-e-pimenteiras-ja-comecou","status":"publish","type":"post","link":"https:\/\/portalv1.com.br\/operacao-tapa-buracos-entre-valenca-e-pimenteiras-ja-comecou\/","title":{"rendered":"Opera\u00e7\u00e3o tapa-buracos entre Valen\u00e7a e Pimenteiras j\u00e1 come\u00e7ou"},"content":{"rendered":"<p>A PI 120 que liga Valen\u00e7a a Pimenteiras est\u00e1 sendo beneficiada com a opera\u00e7\u00e3o tapa-buracos, realizada pelo governo do estado. Em fevereiro desse ano o governador Wellington Dias durante visita a Pimenteiras tinha autorizado o inicio das obras (veja autoriza\u00e7\u00e3o abaixo), juntamente com a pavimenta\u00e7\u00e3o asf\u00e1ltica de algumas ruas da cidade.<\/p>\n<p>No aniversario de Pimenteiras, a vice-governadora Margarete Coelho esteve na cidade e reafirmou ao prefeito Venicio do \u00d3 e a vice-prefeita Lucia Lacerda que a obra seria iniciada nessa semana para a alegria dos pimenteirenses.<\/p>\n<p>A opera\u00e7\u00e3o tapa-buracos chega num bom momento uma vez que os condutores que trafegam na rodovia estavam reclamando da atual situa\u00e7\u00e3o da estrada que tem 42 km, sendo que alguns trechos estavam intrafeg\u00e1veis.<\/p>\n<p>Com os servi\u00e7os, a popula\u00e7\u00e3o pode comemorar mais esse beneficio fruto da parceria entre a prefeitura municipal e o governo do estado.&nbsp;<a href=\"https:\/\/portalv1.com.br\/app\/wp-content\/uploads\/2017\/08\/valenca.jpg\"><img loading=\"lazy\" decoding=\"async\" class=\"aligncenter size-full wp-image-36175\" src=\"https:\/\/portalv1.com.br\/app\/wp-content\/uploads\/2017\/08\/valenca.jpg\" alt=\"\" width=\"540\" height=\"960\" srcset=\"https:\/\/portalv1.com.br\/app\/wp-content\/uploads\/2017\/08\/valenca.jpg 540w, https:\/\/portalv1.com.br\/app\/wp-content\/uploads\/2017\/08\/valenca-300x533.jpg 300w\" sizes=\"auto, (max-width: 540px) 100vw, 540px\" \/><\/a><a href=\"https:\/\/portalv1.com.br\/app\/wp-content\/uploads\/2017\/08\/IMG-20170801-WA0119.jpg\"><img loading=\"lazy\" decoding=\"async\" class=\"aligncenter size-large wp-image-36071\" src=\"https:\/\/portalv1.com.br\/app\/wp-content\/uploads\/2017\/08\/IMG-20170801-WA0119-640x480.jpg\" alt=\"\" width=\"640\" height=\"480\" srcset=\"https:\/\/portalv1.com.br\/app\/wp-content\/uploads\/2017\/08\/IMG-20170801-WA0119.jpg 640w, https:\/\/portalv1.com.br\/app\/wp-content\/uploads\/2017\/08\/IMG-20170801-WA0119-300x225.jpg 300w\" sizes=\"auto, (max-width: 640px) 100vw, 640px\" \/><\/a> <a href=\"https:\/\/portalv1.com.br\/app\/wp-content\/uploads\/2017\/08\/IMG-20170801-WA0121.jpg\"><img loading=\"lazy\" decoding=\"async\" class=\"aligncenter size-large wp-image-36072\" src=\"https:\/\/portalv1.com.br\/app\/wp-content\/uploads\/2017\/08\/IMG-20170801-WA0121-640x480.jpg\" alt=\"\" width=\"640\" height=\"480\" srcset=\"https:\/\/portalv1.com.br\/app\/wp-content\/uploads\/2017\/08\/IMG-20170801-WA0121.jpg 640w, https:\/\/portalv1.com.br\/app\/wp-content\/uploads\/2017\/08\/IMG-20170801-WA0121-300x225.jpg 300w\" sizes=\"auto, (max-width: 640px) 100vw, 640px\" \/><\/a><\/p>\n<p>Assista a entrevista da vice-governadora Margarete Coelho<\/p>\n<p><div class=\"content-iframe\" data-content-width=\"600\"><iframe loading=\"lazy\" src=\"https:\/\/www.youtube.com\/embed\/QagWvRo4qRc\" width=\"560\" height=\"315\" frameborder=\"0\" allowfullscreen=\"allowfullscreen\"><\/iframe><\/div><\/p>\n<p>&nbsp;<\/p>\n","protected":false},"excerpt":{"rendered":"<p>A PI 120 que liga Valen\u00e7a a Pimenteiras est\u00e1 sendo beneficiada com a opera\u00e7\u00e3o tapa-buracos, realizada pelo governo do estado. Em fevereiro desse ano o governador Wellington Dias durante visita&#8230;<\/p>\n","protected":false},"author":1,"featured_media":36071,"comment_status":"open","ping_status":"open","sticky":false,"template":"","format":"standard","meta":{"ngg_post_thumbnail":0,"footnotes":""},"categories":[12],"tags":[],"class_list":["post-36070","post","type-post","status-publish","format-standard","has-post-thumbnail","hentry","category-valenca-news"],"views":753,"meta_data":{"thumb":"https:\/\/portalv1.com.br\/app\/wp-content\/uploads\/2017\/08\/IMG-20170801-WA0119.jpg","imagem":{"fullsize":{"url":"https:\/\/portalv1.com.br\/app\/wp-content\/uploads\/2017\/08\/IMG-20170801-WA0119.jpg","width":640,"height":480},"thumbnail":{"url":"https:\/\/portalv1.com.br\/app\/wp-content\/uploads\/2017\/08\/IMG-20170801-WA0119-100x100.jpg","width":100,"height":100},"medium":{"url":"https:\/\/portalv1.com.br\/app\/wp-content\/uploads\/2017\/08\/IMG-20170801-WA0119-300x225.jpg","width":300,"height":225},"large":{"url":"https:\/\/portalv1.com.br\/app\/wp-content\/uploads\/2017\/08\/IMG-20170801-WA0119-640x480.jpg","width":640,"height":480}},"data":{"simple":"01\/08\/2017","date_time":"01\/08\/2017 14:58:46","date":"h\u00e1 9 anos"},"chapeu":"","source":"foto_menor"},"_links":{"self":[{"href":"https:\/\/portalv1.com.br\/api\/wp\/v2\/posts\/36070","targetHints":{"allow":["GET"]}}],"collection":[{"href":"https:\/\/portalv1.com.br\/api\/wp\/v2\/posts"}],"about":[{"href":"https:\/\/portalv1.com.br\/api\/wp\/v2\/types\/post"}],"author":[{"embeddable":true,"href":"https:\/\/portalv1.com.br\/api\/wp\/v2\/users\/1"}],"replies":[{"embeddable":true,"href":"https:\/\/portalv1.com.br\/api\/wp\/v2\/comments?post=36070"}],"version-history":[{"count":0,"href":"https:\/\/portalv1.com.br\/api\/wp\/v2\/posts\/36070\/revisions"}],"wp:featuredmedia":[{"embeddable":true,"href":"https:\/\/portalv1.com.br\/api\/wp\/v2\/media\/36071"}],"wp:attachment":[{"href":"https:\/\/portalv1.com.br\/api\/wp\/v2\/media?parent=36070"}],"wp:term":[{"taxonomy":"category","embeddable":true,"href":"https:\/\/portalv1.com.br\/api\/wp\/v2\/categories?post=36070"},{"taxonomy":"post_tag","embeddable":true,"href":"https:\/\/portalv1.com.br\/api\/wp\/v2\/tags?post=36070"}],"curies":[{"name":"wp","href":"https:\/\/api.w.org\/{rel}","templated":true}]}}