{"id":36075,"date":"2017-08-01T21:59:10","date_gmt":"2017-08-02T00:59:10","guid":{"rendered":"https:\/\/portalv1.com.br\/?p=36075"},"modified":"2017-08-02T16:50:41","modified_gmt":"2017-08-02T19:50:41","slug":"aroazes-ganhara-sinalizacao-vertical","status":"publish","type":"post","link":"https:\/\/portalv1.com.br\/aroazes-ganhara-sinalizacao-vertical\/","title":{"rendered":"Aroazes ganhar\u00e1 sinaliza\u00e7\u00e3o vertical"},"content":{"rendered":"<figure id=\"attachment_36076\" aria-describedby=\"caption-attachment-36076\" style=\"width: 640px\" class=\"wp-caption aligncenter\"><a href=\"https:\/\/portalv1.com.br\/app\/wp-content\/uploads\/2017\/08\/IMG-20170801-WA0231.jpg\"><img loading=\"lazy\" decoding=\"async\" class=\"size-large wp-image-36076\" src=\"https:\/\/portalv1.com.br\/app\/wp-content\/uploads\/2017\/08\/IMG-20170801-WA0231-640x480.jpg\" alt=\"\" width=\"640\" height=\"480\" srcset=\"https:\/\/portalv1.com.br\/app\/wp-content\/uploads\/2017\/08\/IMG-20170801-WA0231.jpg 640w, https:\/\/portalv1.com.br\/app\/wp-content\/uploads\/2017\/08\/IMG-20170801-WA0231-300x225.jpg 300w\" sizes=\"auto, (max-width: 640px) 100vw, 640px\" \/><\/a><figcaption id=\"caption-attachment-36076\" class=\"wp-caption-text\">Prefeito Tom\u00e9 Portela, vice-prefeito Erismar Jorge E o diretor geral do Detran Piau\u00ed, Ar\u00e3o Lob\u00e3o ao centro<\/figcaption><\/figure>\n<p>O prefeito Tom\u00e9 Portela acompanhado pelo vice-prefeito Erismar Jorge recebeu das m\u00e3os do diretor geral do Detran Piau\u00ed, Ar\u00e3o Lob\u00e3o, a ordem de servi\u00e7o para a realiza\u00e7\u00e3o da sinaliza\u00e7\u00e3o vertical das ruas de Aroazes.<\/p>\n<p>De acordo com o prefeito Tom\u00e9 Portela, os servi\u00e7os que est\u00e3o or\u00e7ados em aproximadamente R$ 190 mil reais j\u00e1 come\u00e7am nessa semana com previs\u00e3o de entrega ainda nessa quinzena.<\/p>\n<p>Na oportunidade, o prefeito refor\u00e7ou a libera\u00e7\u00e3o de outros projetos para a cidade como a opera\u00e7\u00e3o tapa-buracos para a PI 237, que liga a cidade a BR 316.<\/p>\n","protected":false},"excerpt":{"rendered":"<p>O prefeito Tom\u00e9 Portela acompanhado pelo vice-prefeito Erismar Jorge recebeu das m\u00e3os do diretor geral do Detran Piau\u00ed, Ar\u00e3o Lob\u00e3o, a ordem de servi\u00e7o para a realiza\u00e7\u00e3o da sinaliza\u00e7\u00e3o vertical&#8230;<\/p>\n","protected":false},"author":1,"featured_media":36076,"comment_status":"open","ping_status":"open","sticky":false,"template":"","format":"standard","meta":{"ngg_post_thumbnail":0,"footnotes":""},"categories":[12],"tags":[],"class_list":["post-36075","post","type-post","status-publish","format-standard","has-post-thumbnail","hentry","category-valenca-news"],"views":408,"meta_data":{"thumb":"https:\/\/portalv1.com.br\/app\/wp-content\/uploads\/2017\/08\/IMG-20170801-WA0231.jpg","imagem":{"fullsize":{"url":"https:\/\/portalv1.com.br\/app\/wp-content\/uploads\/2017\/08\/IMG-20170801-WA0231.jpg","width":640,"height":480},"thumbnail":{"url":"https:\/\/portalv1.com.br\/app\/wp-content\/uploads\/2017\/08\/IMG-20170801-WA0231-100x100.jpg","width":100,"height":100},"medium":{"url":"https:\/\/portalv1.com.br\/app\/wp-content\/uploads\/2017\/08\/IMG-20170801-WA0231-300x225.jpg","width":300,"height":225},"large":{"url":"https:\/\/portalv1.com.br\/app\/wp-content\/uploads\/2017\/08\/IMG-20170801-WA0231-640x480.jpg","width":640,"height":480}},"data":{"simple":"01\/08\/2017","date_time":"01\/08\/2017 18:59:10","date":"h\u00e1 9 anos"},"chapeu":"Boa noticia ","source":"retirar"},"_links":{"self":[{"href":"https:\/\/portalv1.com.br\/api\/wp\/v2\/posts\/36075","targetHints":{"allow":["GET"]}}],"collection":[{"href":"https:\/\/portalv1.com.br\/api\/wp\/v2\/posts"}],"about":[{"href":"https:\/\/portalv1.com.br\/api\/wp\/v2\/types\/post"}],"author":[{"embeddable":true,"href":"https:\/\/portalv1.com.br\/api\/wp\/v2\/users\/1"}],"replies":[{"embeddable":true,"href":"https:\/\/portalv1.com.br\/api\/wp\/v2\/comments?post=36075"}],"version-history":[{"count":0,"href":"https:\/\/portalv1.com.br\/api\/wp\/v2\/posts\/36075\/revisions"}],"wp:featuredmedia":[{"embeddable":true,"href":"https:\/\/portalv1.com.br\/api\/wp\/v2\/media\/36076"}],"wp:attachment":[{"href":"https:\/\/portalv1.com.br\/api\/wp\/v2\/media?parent=36075"}],"wp:term":[{"taxonomy":"category","embeddable":true,"href":"https:\/\/portalv1.com.br\/api\/wp\/v2\/categories?post=36075"},{"taxonomy":"post_tag","embeddable":true,"href":"https:\/\/portalv1.com.br\/api\/wp\/v2\/tags?post=36075"}],"curies":[{"name":"wp","href":"https:\/\/api.w.org\/{rel}","templated":true}]}}