{"id":36123,"date":"2017-08-03T16:24:06","date_gmt":"2017-08-03T19:24:06","guid":{"rendered":"https:\/\/portalv1.com.br\/?p=36123"},"modified":"2017-08-07T21:38:57","modified_gmt":"2017-08-08T00:38:57","slug":"coordenadoria-da-juventude-de-valenca-lanca-id-jovem-fotos-e-video","status":"publish","type":"post","link":"https:\/\/portalv1.com.br\/coordenadoria-da-juventude-de-valenca-lanca-id-jovem-fotos-e-video\/","title":{"rendered":"Coordenadoria da Juventude de Valen\u00e7a lan\u00e7a ID Jovem. Fotos e v\u00eddeo"},"content":{"rendered":"<figure id=\"attachment_36125\" aria-describedby=\"caption-attachment-36125\" style=\"width: 640px\" class=\"wp-caption aligncenter\"><a href=\"https:\/\/portalv1.com.br\/app\/wp-content\/uploads\/2017\/08\/Portalv1.com_.brPortalv1.com_.br_DSC0622.jpg\"><img loading=\"lazy\" decoding=\"async\" class=\"size-large wp-image-36125\" src=\"https:\/\/portalv1.com.br\/app\/wp-content\/uploads\/2017\/08\/Portalv1.com_.brPortalv1.com_.br_DSC0622-640x428.jpg\" alt=\"\" width=\"640\" height=\"428\" srcset=\"https:\/\/portalv1.com.br\/app\/wp-content\/uploads\/2017\/08\/Portalv1.com_.brPortalv1.com_.br_DSC0622.jpg 640w, https:\/\/portalv1.com.br\/app\/wp-content\/uploads\/2017\/08\/Portalv1.com_.brPortalv1.com_.br_DSC0622-300x201.jpg 300w\" sizes=\"auto, (max-width: 640px) 100vw, 640px\" \/><\/a><figcaption id=\"caption-attachment-36125\" class=\"wp-caption-text\">A solenidade foi realizada no audit\u00f3rio do col\u00e9gio Santo Ant\u00f4nio.<\/figcaption><\/figure>\n<p>Foi lan\u00e7ado nesta quinta-feira (03) em Valen\u00e7a, o Programa Identidade Jovem (ID Jovem) em solenidade realizada no audit\u00f3rio do col\u00e9gio Santo Ant\u00f4nio. A iniciativa \u00e9 da coordenadoria municipal da juventude em parceria com coordenadoria estadual e o governo federal.<\/p>\n<p>O programa garante aos jovens de 15 a 29 anos de baixa renda, o direito \u00e0 meia-entrada em espet\u00e1culos art\u00edsticos, culturais e esportivos, al\u00e9m de passagens gratuitas em viagens interestaduais, entre outros incentivos.<\/p>\n<p>O coordenador municipal da juventude, Dadvi Silva em sua fala agradeceu a presen\u00e7a de todos e destacou que o ID Jovem \u00e9 a primeira de muitas atividades destinadas aos jovens valencianos. Ele agradeceu ao vereador Rayonardo Mendes pela indica\u00e7\u00e3o e a prefeita Cei\u00e7a Dias pelo apoio que vem dando a coordenadoria.<\/p>\n<p>O vereador Rayonardo Mendes afirmou que o ID Jovem \u00e9 muito importante para a juventude, que ter\u00e1 a oportunidade de usufruir da meia-entrada em eventos culturais e esportivos, al\u00e9m da possibilidade viajar de gra\u00e7a para todo pa\u00eds.<\/p>\n<p>A secret\u00e1ria de assist\u00eancia social, Ielva Mel\u00e3o tamb\u00e9m destacou as vantagens do ID Jovem e parabenizou a prefeita Cei\u00e7a Dias pela posse do coordenador da juventude. Ela destacou que quando era vereadora criou o Conselho Municipal da Juventude, num entanto, passados seis anos de sua aprova\u00e7\u00e3o, nunca tinha sido efetivado de fato.<\/p>\n<p>A prefeita Cei\u00e7a Dias tamb\u00e9m enalteceu as vantagens do programa e agradeceu ao vereador Rayonardo Mendes e ao coordenador Dadvi Silva pela inclus\u00e3o do programa em Valen\u00e7a.<\/p>\n<p>Ap\u00f3s as falas das autoridades, o coordenador estadual de Juventude, Vicente Gomes, destacou os passos do programa e respondeu as duvidas dos jovens presentes.<\/p>\n<p>Ele afirmou que para ter acesso ao ID Jovem \u00e9 necess\u00e1rio ter entre 15 e 29 anos, renda familiar de at\u00e9 2 sal\u00e1rios m\u00ednimos, estar inscrito no Cadastro \u00danico do governo federal e N\u00famero de Identifica\u00e7\u00e3o Social. Ele afirmou que o caminho mais f\u00e1cil \u00e9 baixar o aplicativo para smartphones do ID Jovem e preencher os dados ou se dirigir a Secretaria de Assist\u00eancia Social &nbsp;de Valen\u00e7a.<\/p>\n<p><div class=\"content-iframe\" data-content-width=\"600\"><iframe loading=\"lazy\" style=\"border: none; overflow: hidden;\" src=\"https:\/\/www.facebook.com\/plugins\/video.php?href=https%3A%2F%2Fwww.facebook.com%2FPORTALV1%2Fvideos%2F1473017906078011%2F&amp;show_text=0&amp;width=560\" width=\"560\" height=\"314\" frameborder=\"0\" scrolling=\"no\" allowfullscreen=\"allowfullscreen\"><\/iframe><\/div><br \/>\n&nbsp;<\/p>\n<p>&nbsp;&nbsp;&nbsp; <div class=\"ngg-galleryoverview\" data-widget=\"Galeria\" data-props='{&quot;galeria&quot;:{&quot;gallery_id&quot;:2425,&quot;total&quot;:10,&quot;max_page&quot;:1,&quot;page&quot;:1,&quot;images&quot;:[{&quot;pid&quot;:57663,&quot;imageURL&quot;:&quot;https:\\\/\\\/portalv1.com.br\\\/app\\\/wp-content\\\/gallery\\\/ide-jovem\\\/Portalv1.com_.br_DSC0614.JPG?t=1763243710&quot;,&quot;thumbnailURL&quot;:&quot;https:\\\/\\\/portalv1.com.br\\\/app\\\/wp-content\\\/gallery\\\/ide-jovem\\\/thumbs\\\/thumbs_Portalv1.com_.br_DSC0614.JPG?t=1763243710&quot;,&quot;description&quot;:&quot; &quot;,&quot;alttext&quot;:&quot;Portalv1.com.br_DSC0614&quot;,&quot;style&quot;:&quot;&quot;},{&quot;pid&quot;:57664,&quot;imageURL&quot;:&quot;https:\\\/\\\/portalv1.com.br\\\/app\\\/wp-content\\\/gallery\\\/ide-jovem\\\/Portalv1.com_.br_DSC0636.JPG?t=1763243710&quot;,&quot;thumbnailURL&quot;:&quot;https:\\\/\\\/portalv1.com.br\\\/app\\\/wp-content\\\/gallery\\\/ide-jovem\\\/thumbs\\\/thumbs_Portalv1.com_.br_DSC0636.JPG?t=1763243710&quot;,&quot;description&quot;:&quot; &quot;,&quot;alttext&quot;:&quot;Portalv1.com.br_DSC0636&quot;,&quot;style&quot;:&quot;&quot;},{&quot;pid&quot;:57665,&quot;imageURL&quot;:&quot;https:\\\/\\\/portalv1.com.br\\\/app\\\/wp-content\\\/gallery\\\/ide-jovem\\\/Portalv1.com_.br_DSC0648.JPG?t=1763243710&quot;,&quot;thumbnailURL&quot;:&quot;https:\\\/\\\/portalv1.com.br\\\/app\\\/wp-content\\\/gallery\\\/ide-jovem\\\/thumbs\\\/thumbs_Portalv1.com_.br_DSC0648.JPG?t=1763243710&quot;,&quot;description&quot;:&quot; &quot;,&quot;alttext&quot;:&quot;Portalv1.com.br_DSC0648&quot;,&quot;style&quot;:&quot;&quot;},{&quot;pid&quot;:57666,&quot;imageURL&quot;:&quot;https:\\\/\\\/portalv1.com.br\\\/app\\\/wp-content\\\/gallery\\\/ide-jovem\\\/Portalv1.com_.br_DSC0654.JPG?t=1763243710&quot;,&quot;thumbnailURL&quot;:&quot;https:\\\/\\\/portalv1.com.br\\\/app\\\/wp-content\\\/gallery\\\/ide-jovem\\\/thumbs\\\/thumbs_Portalv1.com_.br_DSC0654.JPG?t=1763243710&quot;,&quot;description&quot;:&quot; &quot;,&quot;alttext&quot;:&quot;Portalv1.com.br_DSC0654&quot;,&quot;style&quot;:&quot;&quot;},{&quot;pid&quot;:57667,&quot;imageURL&quot;:&quot;https:\\\/\\\/portalv1.com.br\\\/app\\\/wp-content\\\/gallery\\\/ide-jovem\\\/Portalv1.com_.br_DSC0661.JPG?t=1763243710&quot;,&quot;thumbnailURL&quot;:&quot;https:\\\/\\\/portalv1.com.br\\\/app\\\/wp-content\\\/gallery\\\/ide-jovem\\\/thumbs\\\/thumbs_Portalv1.com_.br_DSC0661.JPG?t=1763243710&quot;,&quot;description&quot;:&quot; &quot;,&quot;alttext&quot;:&quot;Portalv1.com.br_DSC0661&quot;,&quot;style&quot;:&quot;&quot;},{&quot;pid&quot;:57668,&quot;imageURL&quot;:&quot;https:\\\/\\\/portalv1.com.br\\\/app\\\/wp-content\\\/gallery\\\/ide-jovem\\\/Portalv1.com_.br_DSC0676.JPG?t=1763243710&quot;,&quot;thumbnailURL&quot;:&quot;https:\\\/\\\/portalv1.com.br\\\/app\\\/wp-content\\\/gallery\\\/ide-jovem\\\/thumbs\\\/thumbs_Portalv1.com_.br_DSC0676.JPG?t=1763243710&quot;,&quot;description&quot;:&quot; &quot;,&quot;alttext&quot;:&quot;Portalv1.com.br_DSC0676&quot;,&quot;style&quot;:&quot;&quot;},{&quot;pid&quot;:57669,&quot;imageURL&quot;:&quot;https:\\\/\\\/portalv1.com.br\\\/app\\\/wp-content\\\/gallery\\\/ide-jovem\\\/Portalv1.com_.br_DSC0689.JPG?t=1763243710&quot;,&quot;thumbnailURL&quot;:&quot;https:\\\/\\\/portalv1.com.br\\\/app\\\/wp-content\\\/gallery\\\/ide-jovem\\\/thumbs\\\/thumbs_Portalv1.com_.br_DSC0689.JPG?t=1763243710&quot;,&quot;description&quot;:&quot; &quot;,&quot;alttext&quot;:&quot;Portalv1.com.br_DSC0689&quot;,&quot;style&quot;:&quot;&quot;},{&quot;pid&quot;:57670,&quot;imageURL&quot;:&quot;https:\\\/\\\/portalv1.com.br\\\/app\\\/wp-content\\\/gallery\\\/ide-jovem\\\/Portalv1.com_.br_DSC0715.JPG?t=1763243710&quot;,&quot;thumbnailURL&quot;:&quot;https:\\\/\\\/portalv1.com.br\\\/app\\\/wp-content\\\/gallery\\\/ide-jovem\\\/thumbs\\\/thumbs_Portalv1.com_.br_DSC0715.JPG?t=1763243710&quot;,&quot;description&quot;:&quot; &quot;,&quot;alttext&quot;:&quot;Portalv1.com.br_DSC0715&quot;,&quot;style&quot;:&quot;&quot;},{&quot;pid&quot;:57671,&quot;imageURL&quot;:&quot;https:\\\/\\\/portalv1.com.br\\\/app\\\/wp-content\\\/gallery\\\/ide-jovem\\\/Portalv1.com_.br_DSC0724.JPG?t=1763243710&quot;,&quot;thumbnailURL&quot;:&quot;https:\\\/\\\/portalv1.com.br\\\/app\\\/wp-content\\\/gallery\\\/ide-jovem\\\/thumbs\\\/thumbs_Portalv1.com_.br_DSC0724.JPG?t=1763243710&quot;,&quot;description&quot;:&quot; &quot;,&quot;alttext&quot;:&quot;Portalv1.com.br_DSC0724&quot;,&quot;style&quot;:&quot;&quot;},{&quot;pid&quot;:57672,&quot;imageURL&quot;:&quot;https:\\\/\\\/portalv1.com.br\\\/app\\\/wp-content\\\/gallery\\\/ide-jovem\\\/Portalv1.com_.brPortalv1.com_.br_DSC0622.JPG?t=1763243711&quot;,&quot;thumbnailURL&quot;:&quot;https:\\\/\\\/portalv1.com.br\\\/app\\\/wp-content\\\/gallery\\\/ide-jovem\\\/thumbs\\\/thumbs_Portalv1.com_.brPortalv1.com_.br_DSC0622.JPG?t=1763243711&quot;,&quot;description&quot;:&quot; &quot;,&quot;alttext&quot;:&quot;Portalv1.com.brPortalv1.com.br_DSC0622&quot;,&quot;style&quot;:&quot;&quot;}]}}'><\/div>.<\/p>\n<p>&nbsp;<\/p>\n","protected":false},"excerpt":{"rendered":"<p>Foi lan\u00e7ado nesta quinta-feira (03) em Valen\u00e7a, o Programa Identidade Jovem (ID Jovem) em solenidade realizada no audit\u00f3rio do col\u00e9gio Santo Ant\u00f4nio. A iniciativa \u00e9 da coordenadoria municipal da juventude&#8230;<\/p>\n","protected":false},"author":1,"featured_media":36125,"comment_status":"open","ping_status":"open","sticky":false,"template":"","format":"standard","meta":{"ngg_post_thumbnail":0,"footnotes":""},"categories":[12],"tags":[],"class_list":["post-36123","post","type-post","status-publish","format-standard","has-post-thumbnail","hentry","category-valenca-news"],"views":679,"meta_data":{"thumb":"https:\/\/portalv1.com.br\/app\/wp-content\/uploads\/2017\/08\/Portalv1.com_.brPortalv1.com_.br_DSC0622.jpg","imagem":{"fullsize":{"url":"https:\/\/portalv1.com.br\/app\/wp-content\/uploads\/2017\/08\/Portalv1.com_.brPortalv1.com_.br_DSC0622.jpg","width":640,"height":428},"thumbnail":{"url":"https:\/\/portalv1.com.br\/app\/wp-content\/uploads\/2017\/08\/Portalv1.com_.brPortalv1.com_.br_DSC0622-100x100.jpg","width":100,"height":100},"medium":{"url":"https:\/\/portalv1.com.br\/app\/wp-content\/uploads\/2017\/08\/Portalv1.com_.brPortalv1.com_.br_DSC0622-300x201.jpg","width":300,"height":201},"large":{"url":"https:\/\/portalv1.com.br\/app\/wp-content\/uploads\/2017\/08\/Portalv1.com_.brPortalv1.com_.br_DSC0622-640x428.jpg","width":640,"height":428}},"data":{"simple":"03\/08\/2017","date_time":"03\/08\/2017 13:24:06","date":"h\u00e1 9 anos"},"chapeu":"Identidade Jovem","source":"foto_menor"},"_links":{"self":[{"href":"https:\/\/portalv1.com.br\/api\/wp\/v2\/posts\/36123","targetHints":{"allow":["GET"]}}],"collection":[{"href":"https:\/\/portalv1.com.br\/api\/wp\/v2\/posts"}],"about":[{"href":"https:\/\/portalv1.com.br\/api\/wp\/v2\/types\/post"}],"author":[{"embeddable":true,"href":"https:\/\/portalv1.com.br\/api\/wp\/v2\/users\/1"}],"replies":[{"embeddable":true,"href":"https:\/\/portalv1.com.br\/api\/wp\/v2\/comments?post=36123"}],"version-history":[{"count":0,"href":"https:\/\/portalv1.com.br\/api\/wp\/v2\/posts\/36123\/revisions"}],"wp:featuredmedia":[{"embeddable":true,"href":"https:\/\/portalv1.com.br\/api\/wp\/v2\/media\/36125"}],"wp:attachment":[{"href":"https:\/\/portalv1.com.br\/api\/wp\/v2\/media?parent=36123"}],"wp:term":[{"taxonomy":"category","embeddable":true,"href":"https:\/\/portalv1.com.br\/api\/wp\/v2\/categories?post=36123"},{"taxonomy":"post_tag","embeddable":true,"href":"https:\/\/portalv1.com.br\/api\/wp\/v2\/tags?post=36123"}],"curies":[{"name":"wp","href":"https:\/\/api.w.org\/{rel}","templated":true}]}}