{"id":3624,"date":"2010-04-29T00:00:28","date_gmt":"2010-04-29T03:00:28","guid":{"rendered":"https:\/\/portalv1.com.br\/?p=3624"},"modified":"2010-04-29T00:00:28","modified_gmt":"2010-04-29T03:00:28","slug":"tse-ja-determinou-eleicao-suplementar-em-seis-municipios-do-piaui","status":"publish","type":"post","link":"https:\/\/portalv1.com.br\/tse-ja-determinou-eleicao-suplementar-em-seis-municipios-do-piaui\/","title":{"rendered":"TSE j\u00e1 determinou elei\u00e7\u00e3o suplementar em seis munic\u00edpios do Piau\u00ed"},"content":{"rendered":"<p><img loading=\"lazy\" decoding=\"async\" class=\"alignright size-full wp-image-3625\" title=\"urna\" src=\"https:\/\/portalv1.com.br\/app\/wp-content\/uploads\/2010\/04\/urna.jpg\" alt=\"urna\" width=\"300\" height=\"183\" \/>O Tribunal Superior Eleitoral divulgou nesta quarta-feira, dia 28, o balan\u00e7o das elei\u00e7\u00f5es municipais suplementares em todo Pa\u00eds. Em 5 de outubro de 2008 foram eleitos os prefeitos das 5.563 cidades brasileiras. Desse total, no entanto, os eleitores de pelo menos 100 munic\u00edpios de 24 estados j\u00e1 voltaram, ou voltar\u00e3o \u00e0s urnas at\u00e9 junho deste ano, para escolher novo chefe do Executivo.<\/p>\n<p>No Piau\u00ed, foram seis elei\u00e7\u00f5es suplementares determinadas porque o candidato mais votado teve o registro cassado pela Justi\u00e7a Eleitoral. Em 2009, tiveram novas elei\u00e7\u00f5es as cidades piauienses de S\u00e3o Pedro do Piau\u00ed, Nossa Senhora dos Rem\u00e9dios, Francin\u00f3polis, Pimenteiras e Baixa Grande do Ribeiro. Est\u00e1 marcado para o dia 02 de maio de 2010 novas elei\u00e7\u00f5es na cidade de Barras, ap\u00f3s a cassa\u00e7\u00e3o do ent\u00e3o prefeito Manin Rego.<\/p>\n<p>Minas Gerais \u00e9 o Estado onde h\u00e1 o maior n\u00famero de elei\u00e7\u00f5es suplementares j\u00e1 realizadas ou marcadas: 21. O n\u00famero condiz com a realidade do estado. Isso porque Minas, apesar de ser o segundo estado em n\u00famero de eleitores (cerca de 14 milh\u00f5es), ficando atr\u00e1s apenas de S\u00e3o Paulo, cujo eleitorado \u00e9 de 29 milh\u00f5es, \u00e9 a unidade da Federa\u00e7\u00e3o que possui o maior n\u00famero de munic\u00edpios: 853. S\u00e3o Paulo tem 645 cidades, e j\u00e1 marcou elei\u00e7\u00e3o suplementar em cinco. N\u00e3o houve necessidade de elei\u00e7\u00e3o suplementar no Amap\u00e1 e Cear\u00e1.<\/p>\n<p>Fonte: meionorte<\/p>\n","protected":false},"excerpt":{"rendered":"<p>O Tribunal Superior Eleitoral divulgou nesta quarta-feira, dia 28, o balan\u00e7o das elei\u00e7\u00f5es municipais suplementares em todo Pa\u00eds. Em 5 de outubro de 2008 foram eleitos os prefeitos das 5.563&#8230;<\/p>\n","protected":false},"author":1,"featured_media":0,"comment_status":"open","ping_status":"open","sticky":false,"template":"","format":"standard","meta":{"ngg_post_thumbnail":0,"footnotes":""},"categories":[12],"tags":[],"class_list":["post-3624","post","type-post","status-publish","format-standard","hentry","category-valenca-news"],"views":516,"meta_data":{"thumb":"https:\/\/portalv1.com.br\/app\/wp-content\/uploads\/2010\/04\/urna.jpg","data":{"simple":"28\/04\/2010","date_time":"28\/04\/2010 21:00:28","date":"h\u00e1 16 anos"},"chapeu":"","source":""},"_links":{"self":[{"href":"https:\/\/portalv1.com.br\/api\/wp\/v2\/posts\/3624","targetHints":{"allow":["GET"]}}],"collection":[{"href":"https:\/\/portalv1.com.br\/api\/wp\/v2\/posts"}],"about":[{"href":"https:\/\/portalv1.com.br\/api\/wp\/v2\/types\/post"}],"author":[{"embeddable":true,"href":"https:\/\/portalv1.com.br\/api\/wp\/v2\/users\/1"}],"replies":[{"embeddable":true,"href":"https:\/\/portalv1.com.br\/api\/wp\/v2\/comments?post=3624"}],"version-history":[{"count":0,"href":"https:\/\/portalv1.com.br\/api\/wp\/v2\/posts\/3624\/revisions"}],"wp:attachment":[{"href":"https:\/\/portalv1.com.br\/api\/wp\/v2\/media?parent=3624"}],"wp:term":[{"taxonomy":"category","embeddable":true,"href":"https:\/\/portalv1.com.br\/api\/wp\/v2\/categories?post=3624"},{"taxonomy":"post_tag","embeddable":true,"href":"https:\/\/portalv1.com.br\/api\/wp\/v2\/tags?post=3624"}],"curies":[{"name":"wp","href":"https:\/\/api.w.org\/{rel}","templated":true}]}}