{"id":36242,"date":"2017-08-07T18:31:30","date_gmt":"2017-08-07T21:31:30","guid":{"rendered":"https:\/\/portalv1.com.br\/?p=36242"},"modified":"2017-08-07T21:43:48","modified_gmt":"2017-08-08T00:43:48","slug":"vereadores-de-pimenteiras-abrem-2o-periodo-legislativo-fotos-e-video","status":"publish","type":"post","link":"https:\/\/portalv1.com.br\/vereadores-de-pimenteiras-abrem-2o-periodo-legislativo-fotos-e-video\/","title":{"rendered":"Vereadores de Pimenteiras abrem 2\u00ba Per\u00edodo Legislativo. Fotos e Video"},"content":{"rendered":"<p><a href=\"https:\/\/portalv1.com.br\/app\/wp-content\/uploads\/2017\/08\/Portalv1.com_.br_DSC1085.jpg\"><img loading=\"lazy\" decoding=\"async\" class=\"aligncenter size-large wp-image-36243\" src=\"https:\/\/portalv1.com.br\/app\/wp-content\/uploads\/2017\/08\/Portalv1.com_.br_DSC1085-640x428.jpg\" alt=\"\" width=\"640\" height=\"428\" srcset=\"https:\/\/portalv1.com.br\/app\/wp-content\/uploads\/2017\/08\/Portalv1.com_.br_DSC1085.jpg 640w, https:\/\/portalv1.com.br\/app\/wp-content\/uploads\/2017\/08\/Portalv1.com_.br_DSC1085-300x201.jpg 300w\" sizes=\"auto, (max-width: 640px) 100vw, 640px\" \/><\/a>Os vereadores de Pimenteiras abriram nesta segunda-feira (07), os trabalhos do segundo semestre legislativo. A sess\u00e3o ordin\u00e1ria contou com a presen\u00e7a dos nove vereadores que discutiram mat\u00e9rias oriundas do Poder Executivo, \u00f3rg\u00e3os e institui\u00e7\u00f5es como o convite da Igreja Assembleia de Deus para a posse do pastor Ataliba Guimar\u00e3es que acontece nesta ter\u00e7a-feira \u00e0s 19h.<\/p>\n<p>Agradecimento dos familiares da senhora Luiza da Silva Leite \u00e0 vice-prefeita Lucia Lacerda e aos vereadores Z\u00e9 Ota, Toinzim, Jander Nogueira, assim como aos demais parlamentares pela aprova\u00e7\u00e3o unanime do nome mesma para a rua principal da comunidade Tapera.<\/p>\n<p>A sess\u00e3o contou com a presen\u00e7a do secret\u00e1rio do meio ambiente Mario Sergio que falou sobre o Projeto de Lei 09\/17, que altera a Lei 439\/13, que trata sobre a Lei do Sil\u00eancio. O projeto foi bastante debatido entre os vereadores que destacaram v\u00e1rios pontos que precisam ser observados durante sua tramita\u00e7\u00e3o na CCJ. A ida do secret\u00e1rio foi bastante elogiada pelos vereadores.<a href=\"https:\/\/portalv1.com.br\/app\/wp-content\/uploads\/2017\/08\/Portalv1.com_.br_DSC1072.jpg\"><img loading=\"lazy\" decoding=\"async\" class=\"aligncenter size-large wp-image-36244\" src=\"https:\/\/portalv1.com.br\/app\/wp-content\/uploads\/2017\/08\/Portalv1.com_.br_DSC1072-640x428.jpg\" alt=\"\" width=\"640\" height=\"428\" srcset=\"https:\/\/portalv1.com.br\/app\/wp-content\/uploads\/2017\/08\/Portalv1.com_.br_DSC1072.jpg 640w, https:\/\/portalv1.com.br\/app\/wp-content\/uploads\/2017\/08\/Portalv1.com_.br_DSC1072-300x201.jpg 300w\" sizes=\"auto, (max-width: 640px) 100vw, 640px\" \/><\/a><\/p>\n<p>O vereador Amysth\u00e2nio Alves com a palavra comentou da necessidade de regulamentar a concess\u00e3o do Parque de Vaquejada Pantanal durante a vaquejada no munic\u00edpio. O vereador afirmou que a prefeitura precisa regulamentar essa concess\u00e3o com o objetivo de fazer com que o munic\u00edpio arrecade ao inv\u00e9s de gastar com a vaquejada. Ele criticou a cobran\u00e7a da entrada no parque e disse que foi vitima no ultimo evento no parque. &nbsp;&nbsp;<\/p>\n<p>O vereador recebeu a solidariedade dos colegas que concordaram sobre a necessidade dessa regulamenta\u00e7\u00e3o, especialmente no que se refere ao acesso do parque. O vereador Edvar Jo\u00e3o concordou com o colega e lembrou que essa pratica vem desde a inaugura\u00e7\u00e3o do parque.<a href=\"https:\/\/portalv1.com.br\/app\/wp-content\/uploads\/2017\/08\/Portalv1.com_.br_DSC1074.jpg\"><img loading=\"lazy\" decoding=\"async\" class=\"aligncenter size-large wp-image-36245\" src=\"https:\/\/portalv1.com.br\/app\/wp-content\/uploads\/2017\/08\/Portalv1.com_.br_DSC1074-640x428.jpg\" alt=\"\" width=\"640\" height=\"428\" srcset=\"https:\/\/portalv1.com.br\/app\/wp-content\/uploads\/2017\/08\/Portalv1.com_.br_DSC1074.jpg 640w, https:\/\/portalv1.com.br\/app\/wp-content\/uploads\/2017\/08\/Portalv1.com_.br_DSC1074-300x201.jpg 300w\" sizes=\"auto, (max-width: 640px) 100vw, 640px\" \/><\/a><\/p>\n<p>Com a palavra, o vereador Z\u00e9 Ota chamou a aten\u00e7\u00e3o para o problema das limita\u00e7\u00f5es de terras do munic\u00edpio. O vereador pediu que a prefeitura e a c\u00e2mara procure a comiss\u00e3o que trata sobre esse assunto na Assembleia Legislativa para discutir a quest\u00e3o de Pimenteiras.<\/p>\n<p>Ainda com a palavra Z\u00e9 Ota enaltecer os trabalhos dos repentistas Nael Alves e Jose Carvalho que mantem viva a tradi\u00e7\u00e3o de cantadores de viola. Ele afirmou que os dois precisam de incentivos para continuarem difundindo essa atividade musical. &nbsp;&nbsp;<a href=\"https:\/\/portalv1.com.br\/app\/wp-content\/uploads\/2017\/08\/Portalv1.com_.br_DSC1102.jpg\"><img loading=\"lazy\" decoding=\"async\" class=\"aligncenter size-large wp-image-36246\" src=\"https:\/\/portalv1.com.br\/app\/wp-content\/uploads\/2017\/08\/Portalv1.com_.br_DSC1102-640x428.jpg\" alt=\"\" width=\"640\" height=\"428\" srcset=\"https:\/\/portalv1.com.br\/app\/wp-content\/uploads\/2017\/08\/Portalv1.com_.br_DSC1102.jpg 640w, https:\/\/portalv1.com.br\/app\/wp-content\/uploads\/2017\/08\/Portalv1.com_.br_DSC1102-300x201.jpg 300w\" sizes=\"auto, (max-width: 640px) 100vw, 640px\" \/><\/a><\/p>\n<p>O vereador Jander Nogueira pediu providencias sobre o vandalismo que vem acontecendo na Pra\u00e7a Le\u00f4nidas Melo. Segundo o vereador, a pra\u00e7a vem sofrendo atos de vandalismo e pediu providencias ao GPM de Pimenteiras.<\/p>\n<p>O vereador Reinaldo Paiva pediu que a prefeitura resolva o problema do sinal do SBT. De acordo com o vereador, moradores est\u00e3o reclamando da aus\u00eancia do sinal na cidade. Ele foi solid\u00e1rio com as quest\u00f5es levantadas pelo vereador Z\u00e9 Ota e pediu que o secret\u00e1rio Mario S\u00e9rgio veja tamb\u00e9m a quest\u00e3o da arboriza\u00e7\u00e3o das pra\u00e7as de Pimenteiras.&nbsp;&nbsp;&nbsp; &nbsp;<\/p>\n<p><div class=\"content-iframe\" data-content-width=\"600\"><iframe loading=\"lazy\" style=\"border: none; overflow: hidden;\" src=\"https:\/\/www.facebook.com\/plugins\/video.php?href=https%3A%2F%2Fwww.facebook.com%2FPORTALV1%2Fvideos%2F1476958509017284%2F&amp;show_text=0&amp;width=560\" width=\"560\" height=\"314\" frameborder=\"0\" scrolling=\"no\" allowfullscreen=\"allowfullscreen\"><\/iframe><\/div><\/p>\n<p>&nbsp;<\/p>\n","protected":false},"excerpt":{"rendered":"<p>Os vereadores de Pimenteiras abriram nesta segunda-feira (07), os trabalhos do segundo semestre legislativo. A sess\u00e3o ordin\u00e1ria contou com a presen\u00e7a dos nove vereadores que discutiram mat\u00e9rias oriundas do Poder&#8230;<\/p>\n","protected":false},"author":1,"featured_media":36243,"comment_status":"open","ping_status":"open","sticky":false,"template":"","format":"standard","meta":{"ngg_post_thumbnail":0,"footnotes":""},"categories":[12],"tags":[],"class_list":["post-36242","post","type-post","status-publish","format-standard","has-post-thumbnail","hentry","category-valenca-news"],"views":280,"meta_data":{"thumb":"https:\/\/portalv1.com.br\/app\/wp-content\/uploads\/2017\/08\/Portalv1.com_.br_DSC1085.jpg","imagem":{"fullsize":{"url":"https:\/\/portalv1.com.br\/app\/wp-content\/uploads\/2017\/08\/Portalv1.com_.br_DSC1085.jpg","width":640,"height":428},"thumbnail":{"url":"https:\/\/portalv1.com.br\/app\/wp-content\/uploads\/2017\/08\/Portalv1.com_.br_DSC1085-100x100.jpg","width":100,"height":100},"medium":{"url":"https:\/\/portalv1.com.br\/app\/wp-content\/uploads\/2017\/08\/Portalv1.com_.br_DSC1085-300x201.jpg","width":300,"height":201},"large":{"url":"https:\/\/portalv1.com.br\/app\/wp-content\/uploads\/2017\/08\/Portalv1.com_.br_DSC1085-640x428.jpg","width":640,"height":428}},"data":{"simple":"07\/08\/2017","date_time":"07\/08\/2017 15:31:30","date":"h\u00e1 9 anos"},"chapeu":"","source":"slide"},"_links":{"self":[{"href":"https:\/\/portalv1.com.br\/api\/wp\/v2\/posts\/36242","targetHints":{"allow":["GET"]}}],"collection":[{"href":"https:\/\/portalv1.com.br\/api\/wp\/v2\/posts"}],"about":[{"href":"https:\/\/portalv1.com.br\/api\/wp\/v2\/types\/post"}],"author":[{"embeddable":true,"href":"https:\/\/portalv1.com.br\/api\/wp\/v2\/users\/1"}],"replies":[{"embeddable":true,"href":"https:\/\/portalv1.com.br\/api\/wp\/v2\/comments?post=36242"}],"version-history":[{"count":0,"href":"https:\/\/portalv1.com.br\/api\/wp\/v2\/posts\/36242\/revisions"}],"wp:featuredmedia":[{"embeddable":true,"href":"https:\/\/portalv1.com.br\/api\/wp\/v2\/media\/36243"}],"wp:attachment":[{"href":"https:\/\/portalv1.com.br\/api\/wp\/v2\/media?parent=36242"}],"wp:term":[{"taxonomy":"category","embeddable":true,"href":"https:\/\/portalv1.com.br\/api\/wp\/v2\/categories?post=36242"},{"taxonomy":"post_tag","embeddable":true,"href":"https:\/\/portalv1.com.br\/api\/wp\/v2\/tags?post=36242"}],"curies":[{"name":"wp","href":"https:\/\/api.w.org\/{rel}","templated":true}]}}