{"id":36276,"date":"2017-08-09T07:52:09","date_gmt":"2017-08-09T10:52:09","guid":{"rendered":"https:\/\/portalv1.com.br\/?p=36276"},"modified":"2017-08-10T12:20:19","modified_gmt":"2017-08-10T15:20:19","slug":"evento-sobre-o-poder-da-lingerie-sera-realizado-hoje-em-valenca","status":"publish","type":"post","link":"https:\/\/portalv1.com.br\/evento-sobre-o-poder-da-lingerie-sera-realizado-hoje-em-valenca\/","title":{"rendered":"Evento sobre o poder da lingerie ser\u00e1 realizado hoje em Valen\u00e7a"},"content":{"rendered":"<figure id=\"attachment_36277\" aria-describedby=\"caption-attachment-36277\" style=\"width: 640px\" class=\"wp-caption aligncenter\"><a href=\"https:\/\/portalv1.com.br\/app\/wp-content\/uploads\/2017\/08\/ariel-de-lingerie.jpg\"><img loading=\"lazy\" decoding=\"async\" class=\"size-large wp-image-36277\" src=\"https:\/\/portalv1.com.br\/app\/wp-content\/uploads\/2017\/08\/ariel-de-lingerie-640x355.jpg\" alt=\"\" width=\"640\" height=\"355\" srcset=\"https:\/\/portalv1.com.br\/app\/wp-content\/uploads\/2017\/08\/ariel-de-lingerie.jpg 640w, https:\/\/portalv1.com.br\/app\/wp-content\/uploads\/2017\/08\/ariel-de-lingerie-300x166.jpg 300w\" sizes=\"auto, (max-width: 640px) 100vw, 640px\" \/><\/a><figcaption id=\"caption-attachment-36277\" class=\"wp-caption-text\">A programa\u00e7\u00e3o que \u00e9 exclusiva para o publico feminino, maior de 18 anos, constar\u00e1 de diversos momentos<\/figcaption><\/figure>\n<p>Atendendo a pedidos as empreendedoras Franciv\u00e2nia Ara\u00fajo (Blog Divas Antenadas), e Ruth Ferreira (Loja S\u00f3 Fantasias) estar\u00e3o trazendo a Valen\u00e7a hoje quarta-feira (09) a palestra \u201cO Poder da Lingerie \u2013 Elas Podem Transformar Mulher\u201d que acontecer\u00e1 no SENAC,&nbsp; a partir das 19h e ser\u00e1 ministrada pela Coach de Relacionamento, Marcia Leal, teresinense de renome nacional, a qual representou o nordeste na ultima INTIMI EXPORT, maior feira do Mercado Intimo e Sensual da Am\u00e9rica Latina, realizada no m\u00eas de junho em S\u00e3o Paulo.<\/p>\n<p>A programa\u00e7\u00e3o que \u00e9 exclusiva para o publico feminino, maior de 18 anos, constar\u00e1 de diversos momentos como desfiles de fantasias e lingeries, vendas de lingeries e produtos sensuais, sorteio de brindes e coquetel.<\/p>\n<p>A expectativa, segundo as organizadoras, \u00e9 de casa cheia, haja vista a necessidade desse tipo de evento em Valen\u00e7a, aliada a divulga\u00e7\u00e3o realizada e as parcerias firmadas para tal. Os ingressos continuam sendo vendidos, durante todo o dia de hoje, bem como no local do evento, cujo investimento \u00e9 de R$ 30 reais, com vagas limitadas. &nbsp;&nbsp;&nbsp;&nbsp;<\/p>\n","protected":false},"excerpt":{"rendered":"<p>Atendendo a pedidos as empreendedoras Franciv\u00e2nia Ara\u00fajo (Blog Divas Antenadas), e Ruth Ferreira (Loja S\u00f3 Fantasias) estar\u00e3o trazendo a Valen\u00e7a hoje quarta-feira (09) a palestra \u201cO Poder da Lingerie \u2013&#8230;<\/p>\n","protected":false},"author":1,"featured_media":36277,"comment_status":"open","ping_status":"open","sticky":false,"template":"","format":"standard","meta":{"ngg_post_thumbnail":0,"footnotes":""},"categories":[12],"tags":[],"class_list":["post-36276","post","type-post","status-publish","format-standard","has-post-thumbnail","hentry","category-valenca-news"],"views":692,"meta_data":{"thumb":"https:\/\/portalv1.com.br\/app\/wp-content\/uploads\/2017\/08\/ariel-de-lingerie.jpg","imagem":{"fullsize":{"url":"https:\/\/portalv1.com.br\/app\/wp-content\/uploads\/2017\/08\/ariel-de-lingerie.jpg","width":640,"height":355},"thumbnail":{"url":"https:\/\/portalv1.com.br\/app\/wp-content\/uploads\/2017\/08\/ariel-de-lingerie-100x100.jpg","width":100,"height":100},"medium":{"url":"https:\/\/portalv1.com.br\/app\/wp-content\/uploads\/2017\/08\/ariel-de-lingerie-300x166.jpg","width":300,"height":166},"large":{"url":"https:\/\/portalv1.com.br\/app\/wp-content\/uploads\/2017\/08\/ariel-de-lingerie-640x355.jpg","width":640,"height":355}},"data":{"simple":"09\/08\/2017","date_time":"09\/08\/2017 04:52:09","date":"h\u00e1 9 anos"},"chapeu":"NO SENAC","source":"retirar"},"_links":{"self":[{"href":"https:\/\/portalv1.com.br\/api\/wp\/v2\/posts\/36276","targetHints":{"allow":["GET"]}}],"collection":[{"href":"https:\/\/portalv1.com.br\/api\/wp\/v2\/posts"}],"about":[{"href":"https:\/\/portalv1.com.br\/api\/wp\/v2\/types\/post"}],"author":[{"embeddable":true,"href":"https:\/\/portalv1.com.br\/api\/wp\/v2\/users\/1"}],"replies":[{"embeddable":true,"href":"https:\/\/portalv1.com.br\/api\/wp\/v2\/comments?post=36276"}],"version-history":[{"count":0,"href":"https:\/\/portalv1.com.br\/api\/wp\/v2\/posts\/36276\/revisions"}],"wp:featuredmedia":[{"embeddable":true,"href":"https:\/\/portalv1.com.br\/api\/wp\/v2\/media\/36277"}],"wp:attachment":[{"href":"https:\/\/portalv1.com.br\/api\/wp\/v2\/media?parent=36276"}],"wp:term":[{"taxonomy":"category","embeddable":true,"href":"https:\/\/portalv1.com.br\/api\/wp\/v2\/categories?post=36276"},{"taxonomy":"post_tag","embeddable":true,"href":"https:\/\/portalv1.com.br\/api\/wp\/v2\/tags?post=36276"}],"curies":[{"name":"wp","href":"https:\/\/api.w.org\/{rel}","templated":true}]}}