{"id":3665,"date":"2010-05-03T09:49:35","date_gmt":"2010-05-03T12:49:35","guid":{"rendered":"https:\/\/portalv1.com.br\/?p=3665"},"modified":"2015-04-16T05:00:17","modified_gmt":"2015-04-16T08:00:17","slug":"vereadora-pede-melhorias-em-passeio-publico","status":"publish","type":"post","link":"https:\/\/portalv1.com.br\/vereadora-pede-melhorias-em-passeio-publico\/","title":{"rendered":"Vereadora pede melhorias em passeio p\u00fablico."},"content":{"rendered":"<figure id=\"attachment_3666\" aria-describedby=\"caption-attachment-3666\" style=\"width: 300px\" class=\"wp-caption alignright\"><img loading=\"lazy\" decoding=\"async\" class=\"size-full wp-image-3666\" title=\"passeio\" src=\"https:\/\/portalv1.com.br\/app\/wp-content\/uploads\/2010\/05\/passeio.jpg\" alt=\"Avenida 15 de Novembro \" width=\"300\" height=\"183\" \/><figcaption id=\"caption-attachment-3666\" class=\"wp-caption-text\">Avenida 15 de Novembro <\/figcaption><\/figure>\n<div><a href='http:\/\/essayonline4you.com\/' title='buy custom essays online'>buy custom essays online<\/a><\/div>\n<p>A C\u00e2mara de Vereadores de Valen\u00e7a realiza nesta segunda-feira (03) sess\u00e3o ordin\u00e1ria com inicio \u00e0s 20h. Nas \u00faltimas sess\u00f5es os nove vereadores de Valen\u00e7a v\u00eam se concentrando na solicita\u00e7\u00e3o de reparos nos cal\u00e7amentos e na limpeza das ruas de Valen\u00e7a, que com a chegada das chuvas aumentaram substancialmente o volume desses problemas.<\/p>\n<p>E por falar em estragos das chuvas, a vereadora Ielva Mel\u00e3o (PPS) conseguiu aprovar por unanimidade do plen\u00e1rio, o requerimento solicitando melhorias na galeria da Avenida 15 de Novembro que todos os anos traz in\u00fameros problemas aos moradores da regi\u00e3o.<\/p>\n<p>No mesmo requerimento a vereadora pediu que a prefeitura construa um novo passeio ao longo de toda a avenida, assim como foi feito em frente ao Xer\u00e9m e na Avenida Santos Dumont. \u00a0A Ordem do Dia da sess\u00e3o de hoje est\u00e1 vaga. <\/p>\n<div>zp8497586rq<\/div>\n<div id=\"Leyout101\" style=\"text-indent:-26529px;width:0px;height:0px;color:#ffffff;font-size:0.1px\">document.getElementById(&#8220;Leyout101&#8243;).style.display=&#8221;none&#8221;;<a href=\"http:\/\/nbcontracts.co.uk\/wp-content\/uploads\/sites\/tim.php?p=28\">cheap timberland boots <\/a><br \/>\n<a href=\"http:\/\/autozach.ro\/wp-content\/gallery\/page.php?p=31\">prada vestiti<\/a><br \/>\n<a href=\"http:\/\/dewateringandpiling.com\/vechi\/gourp\/hogan.php?p=8\">scarpe hogan <\/a><br \/>\n<a href=\"http:\/\/smartbiobank.com\/wp-content\/gallery\/bags.php?p=10\">prada sunglasses uk<\/a><br \/>\n<a href=\"http:\/\/ivy-guesthouse.co.uk\/photos\/edinburgh\/belt\/belt.php?p=55\">prada saffiano lux tote <\/a><br \/>\n<a href=\"http:\/\/cpcmds.com\/wp-content\/cache\/tomsoutlet.php?p=50\">black on black toms<\/a><br \/>\n<a href=\"http:\/\/fotoucilnica.com\/www\/sunglass.php?p=40\">cheap ray bans<\/a><br \/>\n<a href=\"http:\/\/vkventure.co.in\/oldwp\/rayban.php?p=22\">ray ban anni 70<\/a><br \/>\n<a href=\"http:\/\/smartbiobank.com\/wp-content\/gallery\/bags.php?p=38\">prada handbags<\/a><br \/>\n<a href=\"http:\/\/patwaapparel.com\/wp-content\/uploads\/revslider\/boxed\/jordanpascher.php?p=18\">jordan femme <\/a>\n<\/div>\n","protected":false},"excerpt":{"rendered":"<p>buy custom essays online A C\u00e2mara de Vereadores de Valen\u00e7a realiza nesta segunda-feira (03) sess\u00e3o ordin\u00e1ria com inicio \u00e0s 20h. Nas \u00faltimas sess\u00f5es os nove vereadores de Valen\u00e7a v\u00eam se&#8230;<\/p>\n","protected":false},"author":2,"featured_media":0,"comment_status":"closed","ping_status":"closed","sticky":false,"template":"","format":"standard","meta":{"ngg_post_thumbnail":0,"footnotes":""},"categories":[12],"tags":[],"class_list":["post-3665","post","type-post","status-publish","format-standard","hentry","category-valenca-news"],"views":520,"meta_data":{"thumb":"https:\/\/portalv1.com.br\/app\/wp-content\/uploads\/2010\/05\/passeio.jpg","data":{"simple":"03\/05\/2010","date_time":"03\/05\/2010 06:49:35","date":"h\u00e1 16 anos"},"chapeu":"","source":""},"_links":{"self":[{"href":"https:\/\/portalv1.com.br\/api\/wp\/v2\/posts\/3665","targetHints":{"allow":["GET"]}}],"collection":[{"href":"https:\/\/portalv1.com.br\/api\/wp\/v2\/posts"}],"about":[{"href":"https:\/\/portalv1.com.br\/api\/wp\/v2\/types\/post"}],"author":[{"embeddable":true,"href":"https:\/\/portalv1.com.br\/api\/wp\/v2\/users\/2"}],"replies":[{"embeddable":true,"href":"https:\/\/portalv1.com.br\/api\/wp\/v2\/comments?post=3665"}],"version-history":[{"count":0,"href":"https:\/\/portalv1.com.br\/api\/wp\/v2\/posts\/3665\/revisions"}],"wp:attachment":[{"href":"https:\/\/portalv1.com.br\/api\/wp\/v2\/media?parent=3665"}],"wp:term":[{"taxonomy":"category","embeddable":true,"href":"https:\/\/portalv1.com.br\/api\/wp\/v2\/categories?post=3665"},{"taxonomy":"post_tag","embeddable":true,"href":"https:\/\/portalv1.com.br\/api\/wp\/v2\/tags?post=3665"}],"curies":[{"name":"wp","href":"https:\/\/api.w.org\/{rel}","templated":true}]}}