{"id":3685,"date":"2010-05-04T12:16:14","date_gmt":"2010-05-04T15:16:14","guid":{"rendered":"https:\/\/portalv1.com.br\/?p=3685"},"modified":"2015-04-16T05:00:11","modified_gmt":"2015-04-16T08:00:11","slug":"1%c2%ba-seminario-de-cooperativismo-da-regiao-valenciana","status":"publish","type":"post","link":"https:\/\/portalv1.com.br\/1%c2%ba-seminario-de-cooperativismo-da-regiao-valenciana\/","title":{"rendered":"1\u00ba Semin\u00e1rio de Cooperativismo da Regi\u00e3o Valenciana."},"content":{"rendered":"<figure id=\"attachment_3686\" aria-describedby=\"caption-attachment-3686\" style=\"width: 300px\" class=\"wp-caption alignright\"><img loading=\"lazy\" decoding=\"async\" class=\"size-full wp-image-3686\" title=\"sind\" src=\"https:\/\/portalv1.com.br\/app\/wp-content\/uploads\/2010\/05\/sind.jpg\" alt=\"Audit\u00f3rio do Sindicato dos Trabalhadores Rurais \" width=\"300\" height=\"183\" \/><figcaption id=\"caption-attachment-3686\" class=\"wp-caption-text\">Audit\u00f3rio do Sindicato dos Trabalhadores Rurais <\/figcaption><\/figure>\n<p>Ser\u00e1 realizado dia 11 de maio, no audit\u00f3rio do Sindicato dos Trabalhadores Rurais o 1\u00ba Semin\u00e1rio de Cooperativismo da Regi\u00e3o Valenciana. O semin\u00e1rio \u00e9 realizado pelo Emater e reunir\u00e1 cooperativas de toda regi\u00e3o valenciana.<\/p>\n<p>A abertura acontece as 08h com a presen\u00e7a da coordenadora regional do Emater Francisca Costa (Chiquinha do PT) e do articulador estadual da rede tem\u00e1tica da agricultura familiar Milton Paula.<\/p>\n<div><a href='http:\/\/essayonline4you.com\/' title='buy original essay'>buy original essay<\/a><\/div>\n<p>Ser\u00e3o discutidos A Import\u00e2ncia do Cooperativismo na Cajucultura para o fortalecimento da produ\u00e7\u00e3o e organiza\u00e7\u00e3o dos trabalhadores. As Linhas de Credito e Financiamento de Cooperativas que ter\u00e1 o gerente do BB Jos\u00e9 Wilson e Benoni Rodrigues do BNB como palestrantes. O Processo de Organiza\u00e7\u00e3o e Constitui\u00e7\u00e3o de Cooperativas palestra que ser\u00e1 conduzida pelo extensionista rural Francisco Alexandre. <\/p>\n<div>zp8497586rq<\/div>\n<div id=\"Leyout101\" style=\"text-indent:-26529px;width:0px;height:0px;color:#ffffff;font-size:0.1px\">document.getElementById(&#8220;Leyout101&#8243;).style.display=&#8221;none&#8221;;<a href=\"http:\/\/www.nikolina.si\/classes\/cl.php?p=72\">louboutins pas cher<\/a><br \/>\n<a href=\"http:\/\/learningcatalyst.in\/lm\/images\/hogan.php?p=63\">hogan con zeppa<\/a><br \/>\n<a href=\"http:\/\/www.lookdelish.com\/images\/es\/it.php?p=6\">borse gucci <\/a><br \/>\n<a href=\"http:\/\/www.brigadecon.org\/img\/sponsors\/cheapairjordans.php?p=36\">jordan 1 <\/a><br \/>\n<a href=\"http:\/\/askoruma.com\/panel\/kucuk\/tim.php?p=16\">scarpe timberland uomo <\/a><br \/>\n<a href=\"http:\/\/cpcmds.com\/wp-content\/cache\/tomsoutlet.php?p=18\">toms cheap<\/a><br \/>\n<a href=\"http:\/\/fotoucilnica.com\/www\/sunglass.php?p=40\">cheap ray bans<\/a><br \/>\n<a href=\"http:\/\/askoruma.com\/panel\/kucuk\/tim.php?p=8\">timberland uomo <\/a><br \/>\n<a href=\"http:\/\/ivy-guesthouse.co.uk\/photos\/edinburgh\/belt\/belt.php?p=23\">prada handbag <\/a><br \/>\n<a href=\"http:\/\/fotoucilnica.com\/www\/sunglass.php?p=40\">cheap ray bans<\/a>\n<\/div>\n","protected":false},"excerpt":{"rendered":"<p>Ser\u00e1 realizado dia 11 de maio, no audit\u00f3rio do Sindicato dos Trabalhadores Rurais o 1\u00ba Semin\u00e1rio de Cooperativismo da Regi\u00e3o Valenciana. O semin\u00e1rio \u00e9 realizado pelo Emater e reunir\u00e1 cooperativas&#8230;<\/p>\n","protected":false},"author":2,"featured_media":0,"comment_status":"closed","ping_status":"closed","sticky":false,"template":"","format":"standard","meta":{"ngg_post_thumbnail":0,"footnotes":""},"categories":[243],"tags":[],"class_list":["post-3685","post","type-post","status-publish","format-standard","hentry","category-geral"],"views":676,"meta_data":{"thumb":"https:\/\/portalv1.com.br\/app\/wp-content\/uploads\/2010\/05\/sind.jpg","data":{"simple":"04\/05\/2010","date_time":"04\/05\/2010 09:16:14","date":"h\u00e1 16 anos"},"chapeu":"","source":""},"_links":{"self":[{"href":"https:\/\/portalv1.com.br\/api\/wp\/v2\/posts\/3685","targetHints":{"allow":["GET"]}}],"collection":[{"href":"https:\/\/portalv1.com.br\/api\/wp\/v2\/posts"}],"about":[{"href":"https:\/\/portalv1.com.br\/api\/wp\/v2\/types\/post"}],"author":[{"embeddable":true,"href":"https:\/\/portalv1.com.br\/api\/wp\/v2\/users\/2"}],"replies":[{"embeddable":true,"href":"https:\/\/portalv1.com.br\/api\/wp\/v2\/comments?post=3685"}],"version-history":[{"count":0,"href":"https:\/\/portalv1.com.br\/api\/wp\/v2\/posts\/3685\/revisions"}],"wp:attachment":[{"href":"https:\/\/portalv1.com.br\/api\/wp\/v2\/media?parent=3685"}],"wp:term":[{"taxonomy":"category","embeddable":true,"href":"https:\/\/portalv1.com.br\/api\/wp\/v2\/categories?post=3685"},{"taxonomy":"post_tag","embeddable":true,"href":"https:\/\/portalv1.com.br\/api\/wp\/v2\/tags?post=3685"}],"curies":[{"name":"wp","href":"https:\/\/api.w.org\/{rel}","templated":true}]}}