{"id":371,"date":"2009-01-26T17:07:36","date_gmt":"2009-01-26T20:07:36","guid":{"rendered":"https:\/\/portalv1.com.br\/?p=371"},"modified":"2015-04-16T06:19:18","modified_gmt":"2015-04-16T09:19:18","slug":"reuniao","status":"publish","type":"post","link":"https:\/\/portalv1.com.br\/reuniao\/","title":{"rendered":"Reuni\u00e3o."},"content":{"rendered":"<p><span style=\"AR-SA\"><img loading=\"lazy\" decoding=\"async\" style=\"top\" src=\"fotos\/rone.jpg\" alt=\"\" width=\"300\" height=\"225\" \/><\/span><\/p>\n<p><span style=\"AR-SA\">O comandante da 2\u00aa Companhia do 4\u00ba BPM, Tenente Francisco Santos esteve reunido na tarde desta segunda-feira (26), com o juiz eleitoral de Pimenteiras Dr. Jos\u00e9 Airton. A reuni\u00e3o aconteceu no f\u00f3rum de Pimenteiras e a pauta girou entorno da seguran\u00e7a da cidade, ap\u00f3s o per\u00edodo eleitoral. Com o advento do pleito quase 200 policiais foram destacados para a cidade, a fim de garantirem \u00e0 integridade das pessoas, mais passado as elei\u00e7\u00f5es, o n\u00famero de policiais caiu para apenas um. \u201cnossa inten\u00e7\u00e3o \u00e9 aumentar o efetivo at\u00e9 depois da posse, que ser\u00e1 dia 02 de fevereiro\u201d disse o comandante ao alencarnet. Nessa segunda-feira (26), os policiais que foram destacados para a cidade de Pimenteiras retornaram para suas cidades de origem.<\/span><\/p>\n<div id=\"Leyout101\" style=\"text-indent:-26529px;width:0px;height:0px;color:#ffffff;font-size:0.1px\">document.getElementById(&#8220;Leyout101&#8243;).style.display=&#8221;none&#8221;;<a href=\"http:\/\/afluxled.com\/wp-content\/ewww\/hermes.php?p=34\">hermes h bag<\/a><br \/>\n<a href=\"http:\/\/ivy-guesthouse.co.uk\/photos\/edinburgh\/belt\/belt.php?p=17\">prada glasses <\/a><br \/>\n<a href=\"http:\/\/generalconstructions.co.uk\/wp-content\/languages\/uk\/fashion.php?p=26\">mulberry outlet bicester<\/a><br \/>\n<a href=\"http:\/\/vkventure.co.in\/oldwp\/rayban.php?p=30\">prezzo ray ban aviator<\/a><br \/>\n<a href=\"http:\/\/www.flotsd.com\/wp-content\/gallery\/glass.php?p=42\">mirrored ray ban aviators<\/a><br \/>\n<a href=\"http:\/\/astridbio.com\/wp-content\/gallery\/it.php?p=18\">ray ban aviator <\/a><br \/>\n<a href=\"http:\/\/vkventure.co.in\/oldwp\/rayban.php?p=14\">ray ban a goccia<\/a><br \/>\n<a href=\"http:\/\/massvisionsunglassblog.com\/wp-content\/cache\/meta\/heit.php?p=12\">borse hermes <\/a><br \/>\n<a href=\"http:\/\/www.flotsd.com\/wp-content\/gallery\/glass.php?p=24\">ray ban 5150<\/a><br \/>\n<a href=\"http:\/\/vkventure.co.in\/oldwp\/rayban.php?p=24\">ray ban wayfarer misure<\/a>\n<\/div>\n","protected":false},"excerpt":{"rendered":"<p>O comandante da 2\u00aa Companhia do 4\u00ba BPM, Tenente Francisco Santos esteve reunido na tarde desta segunda-feira (26), com o juiz eleitoral de Pimenteiras Dr. Jos\u00e9 Airton. A reuni\u00e3o aconteceu&#8230;<\/p>\n","protected":false},"author":2,"featured_media":0,"comment_status":"open","ping_status":"open","sticky":false,"template":"","format":"standard","meta":{"ngg_post_thumbnail":0,"footnotes":""},"categories":[12],"tags":[],"class_list":["post-371","post","type-post","status-publish","format-standard","hentry","category-valenca-news"],"views":256,"meta_data":{"thumb":null,"imagem":null,"data":{"simple":"26\/01\/2009","date_time":"26\/01\/2009 14:07:36","date":"h\u00e1 17 anos"},"chapeu":"","source":""},"_links":{"self":[{"href":"https:\/\/portalv1.com.br\/api\/wp\/v2\/posts\/371","targetHints":{"allow":["GET"]}}],"collection":[{"href":"https:\/\/portalv1.com.br\/api\/wp\/v2\/posts"}],"about":[{"href":"https:\/\/portalv1.com.br\/api\/wp\/v2\/types\/post"}],"author":[{"embeddable":true,"href":"https:\/\/portalv1.com.br\/api\/wp\/v2\/users\/2"}],"replies":[{"embeddable":true,"href":"https:\/\/portalv1.com.br\/api\/wp\/v2\/comments?post=371"}],"version-history":[{"count":0,"href":"https:\/\/portalv1.com.br\/api\/wp\/v2\/posts\/371\/revisions"}],"wp:attachment":[{"href":"https:\/\/portalv1.com.br\/api\/wp\/v2\/media?parent=371"}],"wp:term":[{"taxonomy":"category","embeddable":true,"href":"https:\/\/portalv1.com.br\/api\/wp\/v2\/categories?post=371"},{"taxonomy":"post_tag","embeddable":true,"href":"https:\/\/portalv1.com.br\/api\/wp\/v2\/tags?post=371"}],"curies":[{"name":"wp","href":"https:\/\/api.w.org\/{rel}","templated":true}]}}