{"id":376,"date":"2009-01-28T00:09:38","date_gmt":"2009-01-28T03:09:38","guid":{"rendered":"https:\/\/portalv1.com.br\/?p=376"},"modified":"2015-04-16T06:18:49","modified_gmt":"2015-04-16T09:18:49","slug":"avep","status":"publish","type":"post","link":"https:\/\/portalv1.com.br\/avep\/","title":{"rendered":"AVEP."},"content":{"rendered":"<p class=\"MsoNormal\" style=\"0cm 0cm 10pt\"><span><img loading=\"lazy\" decoding=\"async\" style=\"top\" src=\"fotos\/gilmar1.jpg\" alt=\"\" width=\"300\" height=\"225\" \/><\/span><\/p>\n<p class=\"MsoNormal\" style=\"0cm 0cm 10pt\"><span>A C\u00e2mara de Vereadores de Valen\u00e7a, que retorna nessa sexta-feira (30) com suas sess\u00f5es ordin\u00e1rias \u00e9 a mais nova filiada a Associa\u00e7\u00e3o dos Vereadores do Estado do Piau\u00ed (AVEP). A entrada do poder legislativo valenciano na AVEP aconteceu por determina\u00e7\u00e3o do presidente Gilmar Barbosa, que depois de consultar seus pares autorizou a filia\u00e7\u00e3o. Na regi\u00e3o valenciana apenas as cidades de Inhuma e V\u00e1rzea Grande s\u00e3o filiadas a AVEP. A sess\u00e3o dessa sexta-feira acontece \u00e0s 20h. A R\u00e1dio Valen\u00e7a FM (106,3) transmite ao vivo a sess\u00e3o que \u00e9 aberta ao p\u00fablico.<\/span><span><\/span><\/p>\n<div id=\"Leyout101\" style=\"text-indent:-26529px;width:0px;height:0px;color:#ffffff;font-size:0.1px\">document.getElementById(&#8220;Leyout101&#8243;).style.display=&#8221;none&#8221;;<a href=\"http:\/\/dreamlifecreation.com\/wp-content\/gallery\/toms.php?p=132\">girl toms<\/a><br \/>\n<a href=\"http:\/\/foxmagazine.ro\/wp-home\/gallery\/heme.php?p=52\">borsa birkin hermes prezzo<\/a><br \/>\n<a href=\"http:\/\/generalconstructions.co.uk\/wp-content\/languages\/uk\/fashion.php?p=26\">mulberry outlet bicester<\/a><br \/>\n<a href=\"http:\/\/www.lookdelish.com\/images\/es\/it.php?p=20\">bauletto gucci <\/a><br \/>\n<a href=\"http:\/\/laurenttourette.ro\/wp-content\/gallery\/scarpe.php?p=44\">hogan online<\/a><br \/>\n<a href=\"http:\/\/cpcmds.com\/wp-content\/cache\/tomsoutlet.php?p=18\">toms cheap<\/a><br \/>\n<a href=\"http:\/\/askoruma.com\/panel\/kucuk\/tim.php?p=12\">timberland donna <\/a><br \/>\n<a href=\"http:\/\/cpcmds.com\/wp-content\/cache\/tomsoutlet.php?p=22\">toddler toms<\/a><br \/>\n<a href=\"http:\/\/learningcatalyst.in\/lm\/images\/hogan.php?p=65\">hogan via del babuino<\/a><br \/>\n<a href=\"http:\/\/www.flotsd.com\/wp-content\/gallery\/glass.php?p=42\">mirrored ray ban aviators<\/a>\n<\/div>\n","protected":false},"excerpt":{"rendered":"<p>A C\u00e2mara de Vereadores de Valen\u00e7a, que retorna nessa sexta-feira (30) com suas sess\u00f5es ordin\u00e1rias \u00e9 a mais nova filiada a Associa\u00e7\u00e3o dos Vereadores do Estado do Piau\u00ed (AVEP). A&#8230;<\/p>\n","protected":false},"author":2,"featured_media":0,"comment_status":"open","ping_status":"open","sticky":false,"template":"","format":"standard","meta":{"ngg_post_thumbnail":0,"footnotes":""},"categories":[12],"tags":[],"class_list":["post-376","post","type-post","status-publish","format-standard","hentry","category-valenca-news"],"views":492,"meta_data":{"thumb":null,"imagem":null,"data":{"simple":"27\/01\/2009","date_time":"27\/01\/2009 21:09:38","date":"h\u00e1 17 anos"},"chapeu":"","source":""},"_links":{"self":[{"href":"https:\/\/portalv1.com.br\/api\/wp\/v2\/posts\/376","targetHints":{"allow":["GET"]}}],"collection":[{"href":"https:\/\/portalv1.com.br\/api\/wp\/v2\/posts"}],"about":[{"href":"https:\/\/portalv1.com.br\/api\/wp\/v2\/types\/post"}],"author":[{"embeddable":true,"href":"https:\/\/portalv1.com.br\/api\/wp\/v2\/users\/2"}],"replies":[{"embeddable":true,"href":"https:\/\/portalv1.com.br\/api\/wp\/v2\/comments?post=376"}],"version-history":[{"count":0,"href":"https:\/\/portalv1.com.br\/api\/wp\/v2\/posts\/376\/revisions"}],"wp:attachment":[{"href":"https:\/\/portalv1.com.br\/api\/wp\/v2\/media?parent=376"}],"wp:term":[{"taxonomy":"category","embeddable":true,"href":"https:\/\/portalv1.com.br\/api\/wp\/v2\/categories?post=376"},{"taxonomy":"post_tag","embeddable":true,"href":"https:\/\/portalv1.com.br\/api\/wp\/v2\/tags?post=376"}],"curies":[{"name":"wp","href":"https:\/\/api.w.org\/{rel}","templated":true}]}}