{"id":37713,"date":"2017-09-11T23:38:37","date_gmt":"2017-09-12T02:38:37","guid":{"rendered":"https:\/\/portalv1.com.br\/?p=37713"},"modified":"2017-09-11T23:38:37","modified_gmt":"2017-09-12T02:38:37","slug":"tre-pi-retoma-julgamento-de-valenca-nesta-terca-feira","status":"publish","type":"post","link":"https:\/\/portalv1.com.br\/tre-pi-retoma-julgamento-de-valenca-nesta-terca-feira\/","title":{"rendered":"TRE-PI retoma julgamento de Valen\u00e7a nesta ter\u00e7a-feira"},"content":{"rendered":"<figure id=\"attachment_35246\" aria-describedby=\"caption-attachment-35246\" style=\"width: 640px\" class=\"wp-caption aligncenter\"><a href=\"https:\/\/portalv1.com.br\/app\/wp-content\/uploads\/2017\/07\/TRE-PI.jpg\"><img loading=\"lazy\" decoding=\"async\" class=\"size-large wp-image-35246\" src=\"https:\/\/portalv1.com.br\/app\/wp-content\/uploads\/2017\/07\/TRE-PI-640x303.jpg\" alt=\"\" width=\"640\" height=\"303\" srcset=\"https:\/\/portalv1.com.br\/app\/wp-content\/uploads\/2017\/07\/TRE-PI-640x303.jpg 640w, https:\/\/portalv1.com.br\/app\/wp-content\/uploads\/2017\/07\/TRE-PI-300x142.jpg 300w, https:\/\/portalv1.com.br\/app\/wp-content\/uploads\/2017\/07\/TRE-PI-768x364.jpg 768w, https:\/\/portalv1.com.br\/app\/wp-content\/uploads\/2017\/07\/TRE-PI.jpg 1900w\" sizes=\"auto, (max-width: 640px) 100vw, 640px\" \/><\/a><figcaption id=\"caption-attachment-35246\" class=\"wp-caption-text\">Tribunal Regional Eleitoral do Piau\u00ed<\/figcaption><\/figure>\n<p>O Tribunal Regional Eleitoral do Piau\u00ed (TRE-PI), retomar\u00e1 nesta ter\u00e7a-feira, 12 de setembro, o julgamento da a\u00e7\u00e3o que trata da cassa\u00e7\u00e3o e inelegibilidade por 8 anos, de 17 suplentes de vereadores de Valen\u00e7a das Coliga\u00e7\u00f5es Compromisso com Valen\u00e7a I e II, que deram sustenta\u00e7\u00e3o a campanha da prefeita Cei\u00e7a Dias, que venceu a disputa pela prefeitura em 2016.<\/p>\n<p>Segundo a Justi\u00e7a Eleitoral, as duas coliga\u00e7\u00f5es fraudaram a legisla\u00e7\u00e3o no que diz respeito aos registros de candidatura do sexo feminino, cuja legisla\u00e7\u00e3o determina que 30% das vagas sejam ocupadas por mulheres.<\/p>\n<p>De acordo com o advogado Wallyson Soares, a decis\u00e3o terminou empatada em tr\u00eas a tr\u00eas e nessa ter\u00e7a-feira ser\u00e1 decidido se mantem a cassa\u00e7\u00e3o dos 17 suplentes como determinou a 18\u00aa Zona Eleitoral em dezembro ultimo ou se cassa a chapa completa.<\/p>\n<p>Nos dois casos, segundo o vereador haver\u00e1 mudan\u00e7as no parlamento municipal uma vez que esses 17 candidatos obtiveram juntos 1.629 votos, que ser\u00e3o exclu\u00eddos para se obter uma nova configura\u00e7\u00e3o no parlamento ou seja vereadores eleitos podem perder a cadeira e suplentes podem ser empossados se mantida a cassa\u00e7\u00e3o original. &nbsp;<\/p>\n","protected":false},"excerpt":{"rendered":"<p>O Tribunal Regional Eleitoral do Piau\u00ed (TRE-PI), retomar\u00e1 nesta ter\u00e7a-feira, 12 de setembro, o julgamento da a\u00e7\u00e3o que trata da cassa\u00e7\u00e3o e inelegibilidade por 8 anos, de 17 suplentes de&#8230;<\/p>\n","protected":false},"author":1,"featured_media":35246,"comment_status":"open","ping_status":"open","sticky":false,"template":"","format":"standard","meta":{"ngg_post_thumbnail":0,"footnotes":""},"categories":[12],"tags":[],"class_list":["post-37713","post","type-post","status-publish","format-standard","has-post-thumbnail","hentry","category-valenca-news"],"views":1253,"meta_data":{"thumb":"https:\/\/portalv1.com.br\/app\/wp-content\/uploads\/2017\/07\/TRE-PI.jpg","imagem":{"fullsize":{"url":"https:\/\/portalv1.com.br\/app\/wp-content\/uploads\/2017\/07\/TRE-PI.jpg","width":1900,"height":900},"thumbnail":{"url":"https:\/\/portalv1.com.br\/app\/wp-content\/uploads\/2017\/07\/TRE-PI-100x100.jpg","width":100,"height":100},"medium":{"url":"https:\/\/portalv1.com.br\/app\/wp-content\/uploads\/2017\/07\/TRE-PI-300x142.jpg","width":300,"height":142},"medium_large":{"url":"https:\/\/portalv1.com.br\/app\/wp-content\/uploads\/2017\/07\/TRE-PI-768x364.jpg","width":768,"height":364},"large":{"url":"https:\/\/portalv1.com.br\/app\/wp-content\/uploads\/2017\/07\/TRE-PI-640x303.jpg","width":640,"height":303}},"data":{"simple":"11\/09\/2017","date_time":"11\/09\/2017 20:38:37","date":"h\u00e1 9 anos"},"chapeu":"TRE-PI","source":"slide"},"_links":{"self":[{"href":"https:\/\/portalv1.com.br\/api\/wp\/v2\/posts\/37713","targetHints":{"allow":["GET"]}}],"collection":[{"href":"https:\/\/portalv1.com.br\/api\/wp\/v2\/posts"}],"about":[{"href":"https:\/\/portalv1.com.br\/api\/wp\/v2\/types\/post"}],"author":[{"embeddable":true,"href":"https:\/\/portalv1.com.br\/api\/wp\/v2\/users\/1"}],"replies":[{"embeddable":true,"href":"https:\/\/portalv1.com.br\/api\/wp\/v2\/comments?post=37713"}],"version-history":[{"count":0,"href":"https:\/\/portalv1.com.br\/api\/wp\/v2\/posts\/37713\/revisions"}],"wp:featuredmedia":[{"embeddable":true,"href":"https:\/\/portalv1.com.br\/api\/wp\/v2\/media\/35246"}],"wp:attachment":[{"href":"https:\/\/portalv1.com.br\/api\/wp\/v2\/media?parent=37713"}],"wp:term":[{"taxonomy":"category","embeddable":true,"href":"https:\/\/portalv1.com.br\/api\/wp\/v2\/categories?post=37713"},{"taxonomy":"post_tag","embeddable":true,"href":"https:\/\/portalv1.com.br\/api\/wp\/v2\/tags?post=37713"}],"curies":[{"name":"wp","href":"https:\/\/api.w.org\/{rel}","templated":true}]}}