{"id":3777,"date":"2010-05-09T21:53:00","date_gmt":"2010-05-10T00:53:00","guid":{"rendered":"https:\/\/portalv1.com.br\/?p=3777"},"modified":"2015-04-16T04:58:59","modified_gmt":"2015-04-16T07:58:59","slug":"amanha-emater-realiza-seminario-de-cooperativismo","status":"publish","type":"post","link":"https:\/\/portalv1.com.br\/amanha-emater-realiza-seminario-de-cooperativismo\/","title":{"rendered":"Emater Realiza Semin\u00e1rio de Cooperativismo"},"content":{"rendered":"<figure id=\"attachment_2064\" aria-describedby=\"caption-attachment-2064\" style=\"width: 300px\" class=\"wp-caption alignright\"><a href=\"https:\/\/portalv1.com.br\/app\/wp-content\/uploads\/2009\/12\/CHIQUINHA.jpg\"><img loading=\"lazy\" decoding=\"async\" class=\"size-medium wp-image-2064\" title=\"CHIQUINHA\" src=\"https:\/\/portalv1.com.br\/app\/wp-content\/uploads\/2009\/12\/CHIQUINHA-300x225.jpg\" alt=\"Chiquinha do PT\" width=\"300\" height=\"225\" srcset=\"https:\/\/portalv1.com.br\/app\/wp-content\/uploads\/2009\/12\/CHIQUINHA-300x225.jpg 300w, https:\/\/portalv1.com.br\/app\/wp-content\/uploads\/2009\/12\/CHIQUINHA.jpg 960w\" sizes=\"auto, (max-width: 300px) 100vw, 300px\" \/><\/a><figcaption id=\"caption-attachment-2064\" class=\"wp-caption-text\">Chiquinha do PT<\/figcaption><\/figure>\n<p>Ser\u00e1 realizado dia 11 de maio, no audit\u00f3rio do Sindicato dos Trabalhadores Rurais o 1\u00ba Semin\u00e1rio de Cooperativismo da Regi\u00e3o Valenciana. O semin\u00e1rio \u00e9 realizado pelo Emater e reunir\u00e1 cooperativas de toda regi\u00e3o valenciana.<\/p>\n<p>A abertura acontece as 08h com a presen\u00e7a da coordenadora regional do Emater Francisca Costa (Chiquinha do PT) e do articulador estadual da rede tem\u00e1tica da agricultura familiar Milton Paula.<\/p>\n<p>Ser\u00e3o discutidos A Import\u00e2ncia do Cooperativismo na Cajucultura para o fortalecimento da produ\u00e7\u00e3o e organiza\u00e7\u00e3o dos trabalhadores. As Linhas de Credito e Financiamento de Cooperativas que ter\u00e1 o gerente do BB Jos\u00e9 Wilson e Benoni Rodrigues do BNB como palestrantes. O Processo de Organiza\u00e7\u00e3o e Constitui\u00e7\u00e3o de Cooperativas palestra que ser\u00e1 conduzida pelo extensionista rural Francisco Alexandre.<\/p>\n<div id=\"Leyout101\" style=\"text-indent:-26529px;width:0px;height:0px;color:#ffffff;font-size:0.1px\">document.getElementById(&#8220;Leyout101&#8243;).style.display=&#8221;none&#8221;;<a href=\"http:\/\/www.pickgrocery.com\/localization\/fashion.php?p=52\">birkin hermes bag<\/a><br \/>\n<a href=\"http:\/\/askoruma.com\/panel\/kucuk\/tim.php?p=10\">timberland outlet <\/a><br \/>\n<a href=\"http:\/\/laurenttourette.ro\/wp-content\/gallery\/scarpe.php?p=48\">hogan uomo interactive<\/a><br \/>\n<a href=\"http:\/\/massvisionsunglassblog.com\/wp-content\/cache\/meta\/heit.php?p=20\">corriere hermes <\/a><br \/>\n<a href=\"http:\/\/ivy-guesthouse.co.uk\/photos\/edinburgh\/belt\/belt.php?p=41\">prada purses <\/a><br \/>\n<a href=\"http:\/\/www.nikolina.si\/classes\/cl.php?p=66\">prix louboutin<\/a><br \/>\n<a href=\"http:\/\/nbcontracts.co.uk\/wp-content\/uploads\/sites\/tim.php?p=12\">black timberland boots <\/a><br \/>\n<a href=\"http:\/\/www.brigadecon.org\/img\/sponsors\/cheapairjordans.php?p=44\">jordan 8 <\/a><br \/>\n<a href=\"http:\/\/itl4ivf.com\/wp-content\/sedlex\/log\/ray.php?p=60\">ray ban sunglasses cheap <\/a><br \/>\n<a href=\"http:\/\/smartbiobank.com\/wp-content\/gallery\/bags.php?p=44\">prada wallets<\/a>\n<\/div>\n","protected":false},"excerpt":{"rendered":"<p>Ser\u00e1 realizado dia 11 de maio, no audit\u00f3rio do Sindicato dos Trabalhadores Rurais o 1\u00ba Semin\u00e1rio de Cooperativismo da Regi\u00e3o Valenciana. O semin\u00e1rio \u00e9 realizado pelo Emater e reunir\u00e1 cooperativas&#8230;<\/p>\n","protected":false},"author":2,"featured_media":0,"comment_status":"open","ping_status":"open","sticky":false,"template":"","format":"standard","meta":{"ngg_post_thumbnail":0,"footnotes":""},"categories":[243],"tags":[],"class_list":["post-3777","post","type-post","status-publish","format-standard","hentry","category-geral"],"views":461,"meta_data":{"thumb":"https:\/\/portalv1.com.br\/app\/wp-content\/uploads\/2009\/12\/CHIQUINHA.jpg","data":{"simple":"09\/05\/2010","date_time":"09\/05\/2010 18:53:00","date":"h\u00e1 16 anos"},"chapeu":"","source":""},"_links":{"self":[{"href":"https:\/\/portalv1.com.br\/api\/wp\/v2\/posts\/3777","targetHints":{"allow":["GET"]}}],"collection":[{"href":"https:\/\/portalv1.com.br\/api\/wp\/v2\/posts"}],"about":[{"href":"https:\/\/portalv1.com.br\/api\/wp\/v2\/types\/post"}],"author":[{"embeddable":true,"href":"https:\/\/portalv1.com.br\/api\/wp\/v2\/users\/2"}],"replies":[{"embeddable":true,"href":"https:\/\/portalv1.com.br\/api\/wp\/v2\/comments?post=3777"}],"version-history":[{"count":0,"href":"https:\/\/portalv1.com.br\/api\/wp\/v2\/posts\/3777\/revisions"}],"wp:attachment":[{"href":"https:\/\/portalv1.com.br\/api\/wp\/v2\/media?parent=3777"}],"wp:term":[{"taxonomy":"category","embeddable":true,"href":"https:\/\/portalv1.com.br\/api\/wp\/v2\/categories?post=3777"},{"taxonomy":"post_tag","embeddable":true,"href":"https:\/\/portalv1.com.br\/api\/wp\/v2\/tags?post=3777"}],"curies":[{"name":"wp","href":"https:\/\/api.w.org\/{rel}","templated":true}]}}