{"id":37777,"date":"2017-09-12T17:14:06","date_gmt":"2017-09-12T20:14:06","guid":{"rendered":"https:\/\/portalv1.com.br\/?p=37777"},"modified":"2017-09-17T12:11:49","modified_gmt":"2017-09-17T15:11:49","slug":"senac-valenca-divulga-agenda-para-o-ultimo-trimestre","status":"publish","type":"post","link":"https:\/\/portalv1.com.br\/senac-valenca-divulga-agenda-para-o-ultimo-trimestre\/","title":{"rendered":"Senac Valen\u00e7a divulga agenda para o ultimo trimestre"},"content":{"rendered":"<p>O SENAC Valen\u00e7a est\u00e1 com a sua programa\u00e7\u00e3o de cursos comercias para o \u00faltimo trimestre de 2017, uma programa\u00e7\u00e3o voltada especialmente para voc\u00ea, que quer seu espa\u00e7o no mercado de trabalho, para voc\u00ea que busca se qualificar com a melhor institui\u00e7\u00e3o de educa\u00e7\u00e3o profissional do Brasil.<\/p>\n<p>S\u00e3o cursos nos segmentos de idiomas, gest\u00e3o, inform\u00e1tica, beleza e moda, nas modalidades presencial e a dist\u00e2ncia, atrav\u00e9s da rede SENAC EAD.<\/p>\n<p>No SENAC Valen\u00e7a voc\u00ea encontra um ambiente agrad\u00e1vel, estrutura de qualidade, material did\u00e1tico exclusivo, voltado diretamente para o seu curso com aulas din\u00e2micas e focadas na pr\u00e1tica profissional, profissionais qualificados, certificado reconhecido nacionalmente e com o respaldo que s\u00f3 o SENAC tem a oferecer, al\u00e9m disso, dispomos de formas de pagamento acess\u00edveis e variadas, e aqui voc\u00ea tem a certeza que est\u00e1 se preparando com quem entende de Educa\u00e7\u00e3o Profissional.<\/p>\n<p>Venha para o SENAC! Seja o diferencial, invista em voc\u00ea, fa\u00e7a cursos no SENAC de Valen\u00e7a! Mais informa\u00e7\u00f5es procure o setor de matr\u00edculas da unidade operacional de Valen\u00e7a que est\u00e1 localizada ao lado do Terminal Rodovi\u00e1rio ou ligue 89 3465-1066.<\/p>\n<p>Veja abaixo a programa\u00e7\u00e3o:<a href=\"https:\/\/portalv1.com.br\/app\/wp-content\/uploads\/2017\/09\/senacfg.jpg\"><img loading=\"lazy\" decoding=\"async\" class=\"aligncenter size-large wp-image-37778\" src=\"https:\/\/portalv1.com.br\/app\/wp-content\/uploads\/2017\/09\/senacfg-640x480.jpg\" alt=\"\" width=\"640\" height=\"480\" srcset=\"https:\/\/portalv1.com.br\/app\/wp-content\/uploads\/2017\/09\/senacfg-640x480.jpg 640w, https:\/\/portalv1.com.br\/app\/wp-content\/uploads\/2017\/09\/senacfg-300x225.jpg 300w, https:\/\/portalv1.com.br\/app\/wp-content\/uploads\/2017\/09\/senacfg-768x576.jpg 768w, https:\/\/portalv1.com.br\/app\/wp-content\/uploads\/2017\/09\/senacfg.jpg 960w\" sizes=\"auto, (max-width: 640px) 100vw, 640px\" \/><\/a><\/p>\n","protected":false},"excerpt":{"rendered":"<p>O SENAC Valen\u00e7a est\u00e1 com a sua programa\u00e7\u00e3o de cursos comercias para o \u00faltimo trimestre de 2017, uma programa\u00e7\u00e3o voltada especialmente para voc\u00ea, que quer seu espa\u00e7o no mercado de&#8230;<\/p>\n","protected":false},"author":1,"featured_media":37778,"comment_status":"open","ping_status":"open","sticky":false,"template":"","format":"standard","meta":{"ngg_post_thumbnail":0,"footnotes":""},"categories":[12],"tags":[],"class_list":["post-37777","post","type-post","status-publish","format-standard","has-post-thumbnail","hentry","category-valenca-news"],"views":506,"meta_data":{"thumb":"https:\/\/portalv1.com.br\/app\/wp-content\/uploads\/2017\/09\/senacfg.jpg","imagem":{"fullsize":{"url":"https:\/\/portalv1.com.br\/app\/wp-content\/uploads\/2017\/09\/senacfg.jpg","width":960,"height":720},"thumbnail":{"url":"https:\/\/portalv1.com.br\/app\/wp-content\/uploads\/2017\/09\/senacfg-100x100.jpg","width":100,"height":100},"medium":{"url":"https:\/\/portalv1.com.br\/app\/wp-content\/uploads\/2017\/09\/senacfg-300x225.jpg","width":300,"height":225},"medium_large":{"url":"https:\/\/portalv1.com.br\/app\/wp-content\/uploads\/2017\/09\/senacfg-768x576.jpg","width":768,"height":576},"large":{"url":"https:\/\/portalv1.com.br\/app\/wp-content\/uploads\/2017\/09\/senacfg-640x480.jpg","width":640,"height":480}},"data":{"simple":"12\/09\/2017","date_time":"12\/09\/2017 14:14:06","date":"h\u00e1 9 anos"},"chapeu":"Valen\u00e7a do Piaui ","source":"foto_menor"},"_links":{"self":[{"href":"https:\/\/portalv1.com.br\/api\/wp\/v2\/posts\/37777","targetHints":{"allow":["GET"]}}],"collection":[{"href":"https:\/\/portalv1.com.br\/api\/wp\/v2\/posts"}],"about":[{"href":"https:\/\/portalv1.com.br\/api\/wp\/v2\/types\/post"}],"author":[{"embeddable":true,"href":"https:\/\/portalv1.com.br\/api\/wp\/v2\/users\/1"}],"replies":[{"embeddable":true,"href":"https:\/\/portalv1.com.br\/api\/wp\/v2\/comments?post=37777"}],"version-history":[{"count":0,"href":"https:\/\/portalv1.com.br\/api\/wp\/v2\/posts\/37777\/revisions"}],"wp:featuredmedia":[{"embeddable":true,"href":"https:\/\/portalv1.com.br\/api\/wp\/v2\/media\/37778"}],"wp:attachment":[{"href":"https:\/\/portalv1.com.br\/api\/wp\/v2\/media?parent=37777"}],"wp:term":[{"taxonomy":"category","embeddable":true,"href":"https:\/\/portalv1.com.br\/api\/wp\/v2\/categories?post=37777"},{"taxonomy":"post_tag","embeddable":true,"href":"https:\/\/portalv1.com.br\/api\/wp\/v2\/tags?post=37777"}],"curies":[{"name":"wp","href":"https:\/\/api.w.org\/{rel}","templated":true}]}}