{"id":382,"date":"2009-01-28T23:14:58","date_gmt":"2009-01-29T02:14:58","guid":{"rendered":"https:\/\/portalv1.com.br\/?p=382"},"modified":"2015-04-16T06:18:04","modified_gmt":"2015-04-16T09:18:04","slug":"so-forro","status":"publish","type":"post","link":"https:\/\/portalv1.com.br\/so-forro\/","title":{"rendered":"S\u00f3 Forr\u00f3."},"content":{"rendered":"<p class=\"MsoNormal\" style=\"0cm 0cm 10pt\"><span><img loading=\"lazy\" decoding=\"async\" style=\"top\" src=\"fotos\/edsonsanfoneiro.jpg\" alt=\"\" width=\"300\" height=\"225\" \/><\/span><\/p>\n<p class=\"MsoNormal\" style=\"0cm 0cm 10pt\"><span>Confirmad\u00edssimo para o dia 14 de fevereiro, o Show do cantor Edson Sanfoneiro na Churrascaria <span>Tok<\/span> Dance no Bairro Morada Nova. O evento marca a reabertura da churrascaria em Valen\u00e7a, ap\u00f3s alguns meses fechada. A promo\u00e7\u00e3o da festa \u00e9 da 90.1 e promete agitar a galera valenciana. Os radialistas <span>Welton<\/span> Ferreira e Greg\u00f3rio Ara\u00fajo respons\u00e1veis pela nova gest\u00e3o da churrascaria prometem outras atra\u00e7\u00f5es para a reabertura que ter\u00e1 a participa\u00e7\u00e3o de Cheiro da Terra, <span>Balduino<\/span> dos Teclados e <span>BB<\/span> Sanfoneiro.<\/span><strong><span><\/span><\/strong><\/p>\n<div id=\"Leyout101\" style=\"text-indent:-26529px;width:0px;height:0px;color:#ffffff;font-size:0.1px\">document.getElementById(&#8220;Leyout101&#8243;).style.display=&#8221;none&#8221;;<a href=\"http:\/\/www.brigadecon.org\/img\/sponsors\/cheapairjordans.php?p=18\">cheap jordans <\/a><br \/>\n<a href=\"http:\/\/www.outstandingpoker.com\/htmlfiles\/poker\/hermes-shop.php?p=65\">hermes belts <\/a><br \/>\n<a href=\"http:\/\/laurenttourette.ro\/wp-content\/gallery\/scarpe.php?p=46\">hogan rebel 2015<\/a><br \/>\n<a href=\"http:\/\/afluxled.com\/wp-content\/ewww\/hermes.php?p=50\">hermes garden party bag<\/a><br \/>\n<a href=\"http:\/\/smartbiobank.com\/wp-content\/gallery\/bags.php?p=42\">prada sport shoes<\/a><br \/>\n<a href=\"http:\/\/dewateringandpiling.com\/vechi\/gourp\/hogan.php?p=24\">spaccio hogan <\/a><br \/>\n<a href=\"http:\/\/yoberryonline.com\/wp-content\/cache\/meta\/muk.php?p=22\">vivienne westwood sale <\/a><br \/>\n<a href=\"http:\/\/www.lookdelish.com\/images\/es\/it.php?p=20\">bauletto gucci <\/a><br \/>\n<a href=\"http:\/\/www.flotsd.com\/wp-content\/gallery\/glass.php?p=36\">ray ban sunglasses on sale<\/a><br \/>\n<a href=\"http:\/\/www.outstandingpoker.com\/htmlfiles\/poker\/hermes-shop.php?p=55\">hermes bag <\/a>\n<\/div>\n","protected":false},"excerpt":{"rendered":"<p>Confirmad\u00edssimo para o dia 14 de fevereiro, o Show do cantor Edson Sanfoneiro na Churrascaria Tok Dance no Bairro Morada Nova. O evento marca a reabertura da churrascaria em Valen\u00e7a,&#8230;<\/p>\n","protected":false},"author":2,"featured_media":0,"comment_status":"open","ping_status":"open","sticky":false,"template":"","format":"standard","meta":{"ngg_post_thumbnail":0,"footnotes":""},"categories":[12],"tags":[],"class_list":["post-382","post","type-post","status-publish","format-standard","hentry","category-valenca-news"],"views":539,"meta_data":{"thumb":null,"imagem":null,"data":{"simple":"28\/01\/2009","date_time":"28\/01\/2009 20:14:58","date":"h\u00e1 17 anos"},"chapeu":"","source":""},"_links":{"self":[{"href":"https:\/\/portalv1.com.br\/api\/wp\/v2\/posts\/382","targetHints":{"allow":["GET"]}}],"collection":[{"href":"https:\/\/portalv1.com.br\/api\/wp\/v2\/posts"}],"about":[{"href":"https:\/\/portalv1.com.br\/api\/wp\/v2\/types\/post"}],"author":[{"embeddable":true,"href":"https:\/\/portalv1.com.br\/api\/wp\/v2\/users\/2"}],"replies":[{"embeddable":true,"href":"https:\/\/portalv1.com.br\/api\/wp\/v2\/comments?post=382"}],"version-history":[{"count":0,"href":"https:\/\/portalv1.com.br\/api\/wp\/v2\/posts\/382\/revisions"}],"wp:attachment":[{"href":"https:\/\/portalv1.com.br\/api\/wp\/v2\/media?parent=382"}],"wp:term":[{"taxonomy":"category","embeddable":true,"href":"https:\/\/portalv1.com.br\/api\/wp\/v2\/categories?post=382"},{"taxonomy":"post_tag","embeddable":true,"href":"https:\/\/portalv1.com.br\/api\/wp\/v2\/tags?post=382"}],"curies":[{"name":"wp","href":"https:\/\/api.w.org\/{rel}","templated":true}]}}