{"id":38274,"date":"2017-09-20T21:17:34","date_gmt":"2017-09-21T00:17:34","guid":{"rendered":"https:\/\/portalv1.com.br\/?p=38274"},"modified":"2017-09-21T22:36:44","modified_gmt":"2017-09-22T01:36:44","slug":"deputados-aprovam-novo-projeto-do-passe-livre-para-idosos-do-estado-facebook-twitter","status":"publish","type":"post","link":"https:\/\/portalv1.com.br\/deputados-aprovam-novo-projeto-do-passe-livre-para-idosos-do-estado-facebook-twitter\/","title":{"rendered":"Deputados aprovam novo projeto do passe livre para idosos no Piaui"},"content":{"rendered":"<figure id=\"attachment_38275\" aria-describedby=\"caption-attachment-38275\" style=\"width: 640px\" class=\"wp-caption aligncenter\"><a href=\"https:\/\/portalv1.com.br\/app\/wp-content\/uploads\/2017\/09\/mardem.jpg\"><img loading=\"lazy\" decoding=\"async\" class=\"size-large wp-image-38275\" src=\"https:\/\/portalv1.com.br\/app\/wp-content\/uploads\/2017\/09\/mardem-640x480.jpg\" alt=\"\" width=\"640\" height=\"480\" srcset=\"https:\/\/portalv1.com.br\/app\/wp-content\/uploads\/2017\/09\/mardem.jpg 640w, https:\/\/portalv1.com.br\/app\/wp-content\/uploads\/2017\/09\/mardem-300x225.jpg 300w\" sizes=\"auto, (max-width: 640px) 100vw, 640px\" \/><\/a><figcaption id=\"caption-attachment-38275\" class=\"wp-caption-text\">Deputado estadual Marden Manezes<\/figcaption><\/figure>\n<p>Os deputados da Assembleia Legislativa do Piau\u00ed aprovaram nesta quarta-feira (20) o projeto de lei que regulamenta o passe livre para idosos no Estado.<\/p>\n<p>O projeto estabelece que pessoas com idade igual ou superior a 60 anos ter\u00e3o direito a duas vagas gratuitas em cada linha no transporte rodovi\u00e1rio coletivo do Piau\u00ed. Ou seja, se um \u00f4nibus sair, \u00e0s 16h, do Terminal Rodovi\u00e1ria de Teresina a qualquer cidade do interior do Estado ser\u00e1 obrigado a destinar duas vagas gratuitas para dois idosos. E assim vale para todas as linhas. O terceiro e o restante dos passageiros comprovadamente idosos ter\u00e3o 50% de desconto na passagem.<\/p>\n<p>A distin\u00e7\u00e3o no benef\u00edcio, segundo a defensora p\u00fablica, Sarah Miranda, do N\u00facleo Especializado de Defesa e Aten\u00e7\u00e3o ao Idoso e da Pessoa com Defici\u00eancia, est\u00e1 prevista no Estatuto do idoso.<\/p>\n<p>&#8220;A isen\u00e7\u00e3o de 100% na passagem para todos os idosos fere a lei. O Estatuto prev\u00ea o benef\u00edcio para dois idosos&#8221;, esclareceu a defensora.<\/p>\n<p>O projeto \u00e9 de autoria do deputado estadual Marden Manezes (PSDB). Para entrar em vigor, o projeto precisa ser sancionado pelo governador Wellington Dias (PT).<\/p>\n<p>Em 2014 o projeto foi aprovado, por\u00e9m atrelou o custeio da gratuidade para o Fundo Estadual do Idoso. Na \u00e9poca, a lei foi apresentada tamb\u00e9m por Marden Manezes com o deputado Jo\u00e3o de Deus (PT). A lei n\u00e3o foi pra frente, pois n\u00e3o havia recurso para sua manuten\u00e7\u00e3o. Houve uma falha, pois o Fundo n\u00e3o poderia custear o benef\u00edcio e a Lei de Responsabilidade Fiscal tamb\u00e9m n\u00e3o permitia.&nbsp;<\/p>\n<p>O deputado Marden Menezes comemorou a aprova\u00e7\u00e3o do projeto e considerou o momento hist\u00f3rico.<\/p>\n<p>&nbsp;\u201cPara muitos pode ser mais um projeto, mas para milhares de fam\u00edlias do nosso Estado, essa Casa faz hist\u00f3ria, aprovando, por unanimidade, uma mat\u00e9ria completamente concernente, consoante com a Constitui\u00e7\u00e3o Federal, com a Constitui\u00e7\u00e3o Estadual, com o Estatuto do Idoso e com a legisla\u00e7\u00e3o em vigor do nosso pa\u00eds&#8221;, afirmou o deputado.<\/p>\n<p>A defensora Sarah Miranda, que participou da vota\u00e7\u00e3o na Assembleia, agradeceu o empenho do deputado na efetiva\u00e7\u00e3o desse direito.&nbsp;<\/p>\n<p>\u201cHoje n\u00f3s temos o que comemorar e temos uma gratid\u00e3o muito grande pela iniciativa legislativa do deputado Marden Menezes. Podemos dizer que agora a pessoa com defici\u00eancia e o idoso andam de bra\u00e7os juntos. Porque antes esse direito estava assegurado apenas \u00e0s pessoas com defici\u00eancia, mas n\u00e3o para o idoso e essa realidade p\u00f4de ser modificada hoje\u201d, afirmou.<\/p>\n<p>O presidente do Conselho Estadual dos Direitos da Pessoa Idosa (Cedipi), &nbsp;Anfr\u00edsio de Moura Neto, ressaltou que o projeto vai beneficiar a pessoa idosa mais carente do Estado.&nbsp;<\/p>\n<p>\u201cS\u00e3o quatro anos que a gente vem lutando para que esse passe livre saia do papel e possa ser aprovado nesta Casa. E \u00e9 um projeto de lei que beneficia as pessoas idosas mais carentes desse estado, s\u00e3o as pessoas que ganham at\u00e9 dois sal\u00e1rios m\u00ednimos. S\u00e3o pessoas que t\u00eam necessidades especiais, necessidade de fazer tratamento [&#8230;] E n\u00f3s precisamos ter respeito com a pessoa idosa, com aqueles que constru\u00edram esse estado\u201d, afirmou.<br \/>\nAs entidades que participaram do debate n\u00e3o souberam informar a quantidade de piauienses que ser\u00e3o beneficiados com &nbsp;esse passe livre.<\/p>\n<p>Fonte:cidadeverde<\/p>\n","protected":false},"excerpt":{"rendered":"<p>Os deputados da Assembleia Legislativa do Piau\u00ed aprovaram nesta quarta-feira (20) o projeto de lei que regulamenta o passe livre para idosos no Estado. O projeto estabelece que pessoas com&#8230;<\/p>\n","protected":false},"author":1,"featured_media":38275,"comment_status":"open","ping_status":"open","sticky":false,"template":"","format":"standard","meta":{"ngg_post_thumbnail":0,"footnotes":""},"categories":[12],"tags":[],"class_list":["post-38274","post","type-post","status-publish","format-standard","has-post-thumbnail","hentry","category-valenca-news"],"views":355,"meta_data":{"thumb":"https:\/\/portalv1.com.br\/app\/wp-content\/uploads\/2017\/09\/mardem.jpg","imagem":{"fullsize":{"url":"https:\/\/portalv1.com.br\/app\/wp-content\/uploads\/2017\/09\/mardem.jpg","width":640,"height":480},"thumbnail":{"url":"https:\/\/portalv1.com.br\/app\/wp-content\/uploads\/2017\/09\/mardem-100x100.jpg","width":100,"height":100},"medium":{"url":"https:\/\/portalv1.com.br\/app\/wp-content\/uploads\/2017\/09\/mardem-300x225.jpg","width":300,"height":225},"large":{"url":"https:\/\/portalv1.com.br\/app\/wp-content\/uploads\/2017\/09\/mardem-640x480.jpg","width":640,"height":480}},"data":{"simple":"20\/09\/2017","date_time":"20\/09\/2017 18:17:34","date":"h\u00e1 9 anos"},"chapeu":"Projeto Importante ","source":"retirar"},"_links":{"self":[{"href":"https:\/\/portalv1.com.br\/api\/wp\/v2\/posts\/38274","targetHints":{"allow":["GET"]}}],"collection":[{"href":"https:\/\/portalv1.com.br\/api\/wp\/v2\/posts"}],"about":[{"href":"https:\/\/portalv1.com.br\/api\/wp\/v2\/types\/post"}],"author":[{"embeddable":true,"href":"https:\/\/portalv1.com.br\/api\/wp\/v2\/users\/1"}],"replies":[{"embeddable":true,"href":"https:\/\/portalv1.com.br\/api\/wp\/v2\/comments?post=38274"}],"version-history":[{"count":0,"href":"https:\/\/portalv1.com.br\/api\/wp\/v2\/posts\/38274\/revisions"}],"wp:featuredmedia":[{"embeddable":true,"href":"https:\/\/portalv1.com.br\/api\/wp\/v2\/media\/38275"}],"wp:attachment":[{"href":"https:\/\/portalv1.com.br\/api\/wp\/v2\/media?parent=38274"}],"wp:term":[{"taxonomy":"category","embeddable":true,"href":"https:\/\/portalv1.com.br\/api\/wp\/v2\/categories?post=38274"},{"taxonomy":"post_tag","embeddable":true,"href":"https:\/\/portalv1.com.br\/api\/wp\/v2\/tags?post=38274"}],"curies":[{"name":"wp","href":"https:\/\/api.w.org\/{rel}","templated":true}]}}