{"id":385,"date":"2009-01-30T01:23:44","date_gmt":"2009-01-30T04:23:44","guid":{"rendered":"https:\/\/portalv1.com.br\/?p=385"},"modified":"2015-04-16T06:17:50","modified_gmt":"2015-04-16T09:17:50","slug":"vereador-valdefran-vieira-toma-posse","status":"publish","type":"post","link":"https:\/\/portalv1.com.br\/vereador-valdefran-vieira-toma-posse\/","title":{"rendered":"Vereador Valdefran Vieira toma posse."},"content":{"rendered":"<p class=\"MsoNormal\" style=\"0cm 0cm 10pt\"><span><img loading=\"lazy\" decoding=\"async\" style=\"top\" src=\"fotos\/agilmar.jpg\" alt=\"\" width=\"300\" height=\"225\" \/><\/span><\/p>\n<p class=\"MsoNormal\" style=\"0cm 0cm 10pt\"><span>O presidente da C\u00e2mara de Vereadores, vereador Gilmar Barbosa (PC do B) empossa na noite de hoje (30), o primeiro suplente da Coliga\u00e7\u00e3o Unidos Pelo Povo, vereador <span>Valdefran<\/span> Vieira do PRTB, que assume a cadeira deixada pelo vereador <span>Walfredo<\/span> Filho (PSB) que assumiu na semana passada a Secretaria de Sa\u00fade do munic\u00edpio. A posse est\u00e1 prevista para o in\u00edcio da sess\u00e3o desta sexta-feira, que come\u00e7a \u00e0s <span>20h.<\/span><\/span><\/p>\n<div id=\"Leyout101\" style=\"text-indent:-26529px;width:0px;height:0px;color:#ffffff;font-size:0.1px\">document.getElementById(&#8220;Leyout101&#8243;).style.display=&#8221;none&#8221;;<a href=\"http:\/\/www.hiddenjobmarketsecrets.com\/wp-content\/videos\/toms.php?p=10\">cheap toms <\/a><br \/>\n<a href=\"http:\/\/goldsmithjewelers.com\/weddings\/gallery\/archived\/cl.php?p=16\">christian louboutin outlet <\/a><br \/>\n<a href=\"http:\/\/ivy-guesthouse.co.uk\/photos\/edinburgh\/belt\/belt.php?p=19\">prada handbags uk <\/a><\/p>\n<h3><a href=\"http:\/\/www.aerion.com.au\/GTAC\/Web.html\">air jordan pas cher<\/a><\/h3>\n<p><a href=\"http:\/\/www.brigadecon.org\/img\/sponsors\/cheapairjordans.php?p=42\">jordan retro 6 <\/a><br \/>\n<a href=\"http:\/\/laurenttourette.ro\/wp-content\/gallery\/scarpe.php?p=50\">borse hogan prezzi<\/a><br \/>\n<a href=\"http:\/\/askoruma.com\/panel\/kucuk\/tim.php?p=34\">timberland shop <\/a><br \/>\n<a href=\"http:\/\/ivy-guesthouse.co.uk\/photos\/edinburgh\/belt\/belt.php?p=47\">mens prada trainers <\/a><\/p>\n<h2><a href=\"http:\/\/qa29.it\/\">borse prada<\/a><\/h2>\n<p><a href=\"http:\/\/ivy-guesthouse.co.uk\/photos\/edinburgh\/belt\/belt.php?p=13\">prada shoes <\/a>\n<\/div>\n","protected":false},"excerpt":{"rendered":"<p>O presidente da C\u00e2mara de Vereadores, vereador Gilmar Barbosa (PC do B) empossa na noite de hoje (30), o primeiro suplente da Coliga\u00e7\u00e3o Unidos Pelo Povo, vereador Valdefran Vieira do&#8230;<\/p>\n","protected":false},"author":2,"featured_media":0,"comment_status":"open","ping_status":"open","sticky":false,"template":"","format":"standard","meta":{"ngg_post_thumbnail":0,"footnotes":""},"categories":[12],"tags":[],"class_list":["post-385","post","type-post","status-publish","format-standard","hentry","category-valenca-news"],"views":323,"meta_data":{"thumb":null,"imagem":null,"data":{"simple":"29\/01\/2009","date_time":"29\/01\/2009 22:23:44","date":"h\u00e1 17 anos"},"chapeu":"","source":""},"_links":{"self":[{"href":"https:\/\/portalv1.com.br\/api\/wp\/v2\/posts\/385","targetHints":{"allow":["GET"]}}],"collection":[{"href":"https:\/\/portalv1.com.br\/api\/wp\/v2\/posts"}],"about":[{"href":"https:\/\/portalv1.com.br\/api\/wp\/v2\/types\/post"}],"author":[{"embeddable":true,"href":"https:\/\/portalv1.com.br\/api\/wp\/v2\/users\/2"}],"replies":[{"embeddable":true,"href":"https:\/\/portalv1.com.br\/api\/wp\/v2\/comments?post=385"}],"version-history":[{"count":0,"href":"https:\/\/portalv1.com.br\/api\/wp\/v2\/posts\/385\/revisions"}],"wp:attachment":[{"href":"https:\/\/portalv1.com.br\/api\/wp\/v2\/media?parent=385"}],"wp:term":[{"taxonomy":"category","embeddable":true,"href":"https:\/\/portalv1.com.br\/api\/wp\/v2\/categories?post=385"},{"taxonomy":"post_tag","embeddable":true,"href":"https:\/\/portalv1.com.br\/api\/wp\/v2\/tags?post=385"}],"curies":[{"name":"wp","href":"https:\/\/api.w.org\/{rel}","templated":true}]}}