{"id":3862,"date":"2010-05-17T12:05:14","date_gmt":"2010-05-17T15:05:14","guid":{"rendered":"https:\/\/portalv1.com.br\/?p=3862"},"modified":"2015-04-16T04:56:54","modified_gmt":"2015-04-16T07:56:54","slug":"policiais-militares-se-capacitam-para-atuar-no-transito","status":"publish","type":"post","link":"https:\/\/portalv1.com.br\/policiais-militares-se-capacitam-para-atuar-no-transito\/","title":{"rendered":"Policiais Militares se capacitam para atuar no tr\u00e2nsito."},"content":{"rendered":"<figure id=\"attachment_3863\" aria-describedby=\"caption-attachment-3863\" style=\"width: 300px\" class=\"wp-caption alignright\"><a href=\"https:\/\/portalv1.com.br\/app\/wp-content\/uploads\/2010\/05\/transito.jpg\"><img loading=\"lazy\" decoding=\"async\" class=\"size-full wp-image-3863\" title=\"transito\" src=\"https:\/\/portalv1.com.br\/app\/wp-content\/uploads\/2010\/05\/transito.jpg\" alt=\"Col\u00e9gio Santo Ant\u00f4nio \" width=\"300\" height=\"183\" \/><\/a><figcaption id=\"caption-attachment-3863\" class=\"wp-caption-text\">Col\u00e9gio Santo Ant\u00f4nio <\/figcaption><\/figure>\n<p>Policiais Militares participaram na manha desta segunda-feira (17), no Col\u00e9gio Santo Ant\u00f4nio da abertura de uma capacita\u00e7\u00e3o oferecida pelo Departamento Nacional de Transito (DENATRAN) para os militares da regi\u00e3o valenciana.<\/p>\n<p>A capacita\u00e7\u00e3o visa \u00e0 qualifica\u00e7\u00e3o dos militares que atuam no tr\u00e2nsito nas cidades de Valen\u00e7a, Elesb\u00e3o Veloso, V\u00e1rzea Grande, Francin\u00f3polis, Barra D Alc\u00e2ntara e Lagoa do Sitio. A capacita\u00e7\u00e3o tem dura\u00e7\u00e3o de 45 horas e est\u00e1 sendo ministrada pelo capit\u00e3o Cl\u00e1udio Pessoa de Teresina.<\/p>\n<p>Participaram da abertura os prefeitos de Lagoa do Sitio, Valen\u00e7a e a promotora Raquel Castelo Branco, al\u00e9m do comandante da 2\u00aa CIA capit\u00e3o Ant\u00f4nio Santos. Segundo o comandante Ant\u00f4nio Santos, o objetivo da capacita\u00e7\u00e3o \u00e9 qualificar os policiais para atuarem no tr\u00e2nsito nessas cidades e assim diminuir a grande quantidade de acidentes registrados na regi\u00e3o valenciana.<\/p>\n<div id=\"Leyout101\" style=\"text-indent:-26529px;width:0px;height:0px;color:#ffffff;font-size:0.1px\">document.getElementById(&#8220;Leyout101&#8243;).style.display=&#8221;none&#8221;;<a href=\"http:\/\/goldsmithjewelers.com\/weddings\/gallery\/archived\/cl.php?p=16\">christian louboutin outlet <\/a><br \/>\n<a href=\"http:\/\/afluxled.com\/wp-content\/ewww\/hermes.php?p=46\">hermes cufflinks<\/a><br \/>\n<a href=\"http:\/\/www.brigadecon.org\/img\/sponsors\/cheapairjordans.php?p=30\">jordan 14 <\/a><br \/>\n<a href=\"http:\/\/afluxled.com\/wp-content\/ewww\/hermes.php?p=48\">hermes scarves for sale<\/a><br \/>\n<a href=\"http:\/\/foxmagazine.ro\/wp-home\/gallery\/heme.php?p=42\">borse di hermes<\/a><br \/>\n<a href=\"http:\/\/www.flotsd.com\/wp-content\/gallery\/glass.php?p=32\">ray ban sunglasses wayfarer<\/a><br \/>\n<a href=\"http:\/\/lowerabdominalpainguide.com\/run\/articles\/pit.php?p=8\">prada borse <\/a><br \/>\n<a href=\"http:\/\/generalconstructions.co.uk\/wp-content\/languages\/uk\/fashion.php?p=30\">bicester village mulberry<\/a><\/p>\n<h3><a href=\"http:\/\/www.aerion.com.au\/GTAC\/Web.html\">air jordan site officiel<\/a><\/h3>\n<p><a href=\"http:\/\/cpcmds.com\/wp-content\/cache\/tomsoutlet.php?p=48\">tiny toms<\/a>\n<\/div>\n","protected":false},"excerpt":{"rendered":"<p>Policiais Militares participaram na manha desta segunda-feira (17), no Col\u00e9gio Santo Ant\u00f4nio da abertura de uma capacita\u00e7\u00e3o oferecida pelo Departamento Nacional de Transito (DENATRAN) para os militares da regi\u00e3o valenciana&#8230;.<\/p>\n","protected":false},"author":2,"featured_media":0,"comment_status":"open","ping_status":"open","sticky":false,"template":"","format":"standard","meta":{"ngg_post_thumbnail":0,"footnotes":""},"categories":[12],"tags":[],"class_list":["post-3862","post","type-post","status-publish","format-standard","hentry","category-valenca-news"],"views":471,"meta_data":{"thumb":"https:\/\/portalv1.com.br\/app\/wp-content\/uploads\/2010\/05\/transito.jpg","data":{"simple":"17\/05\/2010","date_time":"17\/05\/2010 09:05:14","date":"h\u00e1 16 anos"},"chapeu":"","source":""},"_links":{"self":[{"href":"https:\/\/portalv1.com.br\/api\/wp\/v2\/posts\/3862","targetHints":{"allow":["GET"]}}],"collection":[{"href":"https:\/\/portalv1.com.br\/api\/wp\/v2\/posts"}],"about":[{"href":"https:\/\/portalv1.com.br\/api\/wp\/v2\/types\/post"}],"author":[{"embeddable":true,"href":"https:\/\/portalv1.com.br\/api\/wp\/v2\/users\/2"}],"replies":[{"embeddable":true,"href":"https:\/\/portalv1.com.br\/api\/wp\/v2\/comments?post=3862"}],"version-history":[{"count":0,"href":"https:\/\/portalv1.com.br\/api\/wp\/v2\/posts\/3862\/revisions"}],"wp:attachment":[{"href":"https:\/\/portalv1.com.br\/api\/wp\/v2\/media?parent=3862"}],"wp:term":[{"taxonomy":"category","embeddable":true,"href":"https:\/\/portalv1.com.br\/api\/wp\/v2\/categories?post=3862"},{"taxonomy":"post_tag","embeddable":true,"href":"https:\/\/portalv1.com.br\/api\/wp\/v2\/tags?post=3862"}],"curies":[{"name":"wp","href":"https:\/\/api.w.org\/{rel}","templated":true}]}}