{"id":38717,"date":"2017-10-02T17:38:41","date_gmt":"2017-10-02T20:38:41","guid":{"rendered":"https:\/\/portalv1.com.br\/?p=38717"},"modified":"2017-10-02T17:38:41","modified_gmt":"2017-10-02T20:38:41","slug":"vereadores-de-pimenteiras-aprovam-codigo-tributario-municipal","status":"publish","type":"post","link":"https:\/\/portalv1.com.br\/vereadores-de-pimenteiras-aprovam-codigo-tributario-municipal\/","title":{"rendered":"Vereadores de Pimenteiras aprovam C\u00f3digo Tribut\u00e1rio Municipal"},"content":{"rendered":"<figure id=\"attachment_38718\" aria-describedby=\"caption-attachment-38718\" style=\"width: 640px\" class=\"wp-caption aligncenter\"><a href=\"https:\/\/portalv1.com.br\/app\/wp-content\/uploads\/2017\/10\/IMG_20171002_104411.jpg\"><img loading=\"lazy\" decoding=\"async\" class=\"size-large wp-image-38718\" src=\"https:\/\/portalv1.com.br\/app\/wp-content\/uploads\/2017\/10\/IMG_20171002_104411-640x480.jpg\" alt=\"\" width=\"640\" height=\"480\" srcset=\"https:\/\/portalv1.com.br\/app\/wp-content\/uploads\/2017\/10\/IMG_20171002_104411.jpg 640w, https:\/\/portalv1.com.br\/app\/wp-content\/uploads\/2017\/10\/IMG_20171002_104411-300x225.jpg 300w\" sizes=\"auto, (max-width: 640px) 100vw, 640px\" \/><\/a><figcaption id=\"caption-attachment-38718\" class=\"wp-caption-text\">C\u00e2mara Municipal de Pimenteiras<\/figcaption><\/figure>\n<p>Aconteceu nesta segunda-feira (02), a 15\u00aa sess\u00e3o ordin\u00e1ria do Poder Legislativo de Pimenteiras. A sess\u00e3o contou com a presen\u00e7a dos nove vereadores e foi presidida pelo vereador Rogerio Tomaz Mota e secretariado pelo vereador Reinaldo Paiva.<\/p>\n<p>No pequeno expediente, os vereadores acompanharam a leitura dos pareceres da CCJ sobre os projetos de leis n\u00fameros 015 \/17, que adota o Di\u00e1rio Eletr\u00f4nico dos Munic\u00edpios ligado a APPM como meio oficial de comunica\u00e7\u00e3o dos atos do munic\u00edpio e o de n\u00fameros 16\/17, que trata sobre o C\u00f3digo Tribut\u00e1rio do Munic\u00edpio.<\/p>\n<p>Na discurs\u00e3o dos projetos, as duas bancadas seguiram caminhos opostos, \u00e0 oposi\u00e7\u00e3o formada pelos vereadores Amysth\u00e2nio Alves, Toizim e Jander Nogueira reclamaram do pouco tempo dado para a discurs\u00e3o dos projetos, sendo que o do C\u00f3digo Tribut\u00e1rio tinha quase 500 artigos o que tornava imposs\u00edvel sua aprecia\u00e7\u00e3o com t\u00e3o pouco tempo.<\/p>\n<p>J\u00e1 os vereadores da situa\u00e7\u00e3o (Z\u00e9 Ota, Patr\u00edcio Rulim, Reinado Paiva Edvar Jo\u00e3o e Gilberto Soares) ressaltaram o esfor\u00e7o da Mesa Diretora em promover dois dias de debates seguidos para dirimir as duvidas do projeto tribut\u00e1rio, que segundo mensagem da Confedera\u00e7\u00e3o Nacional dos Munic\u00edpios teria que ser aprovado at\u00e9 essa segunda, sob pena do munic\u00edpio perder recursos do ISS a partir de janeiro do pr\u00f3ximo ano.<\/p>\n<p>Posto em vota\u00e7\u00e3o na Ordem do Dia, os dois projetos foram aprovados por 05 votos a favor e 03 contras. &nbsp;<\/p>\n<p>O vereador Edvar Jo\u00e3o pediu a interven\u00e7\u00e3o da prefeitura no sentido de resolver problemas que vem sendo enfrentado pelos moradores das comunidades Curralinhos e Campos. Segundo o vereador, os moradores est\u00e3o com dificuldades de celebrar empr\u00e9stimos e de participar do recadastramento da Justi\u00e7a Eleitoral porque n\u00e3o conseguem comprovar seu domicilio em Pimenteiras e sim em S\u00e3o Luiz.<\/p>\n<p>O vereador Reinaldo Paiva pediu que a prefeitura promova uma reforma urgente na Casa do Povo em Teresina e melhore o atendimento no local. Pediu ainda o retorno do abastecimento d\u2019\u00e1gua na comunidade Taboca e a reforma da ladeira da comunidade Saco Novo. Ele tamb\u00e9m convidou a todos para acompanharem a visita da senadora Regina Sousa a Pimenteiras no pr\u00f3ximo s\u00e1bado (07) as 09h na c\u00e2mara municipal.<\/p>\n<p>O vereador Gilberto Soares parabenizou antecipadamente os agentes de sa\u00fade que no pr\u00f3ximo dia 04 comemoraram seu dia. O dia do vereador comemorado neste domingo (01) tamb\u00e9m foi lembrado pelos parlamentares. Assista a entrevista do presidente Rogerio Mota sobre a sess\u00e3o desta segunda-feira.<\/p>\n<p>&nbsp;<\/p>\n<p><div class=\"content-iframe\" data-content-width=\"600\"><iframe loading=\"lazy\" src=\"https:\/\/www.facebook.com\/plugins\/video.php?href=https%3A%2F%2Fwww.facebook.com%2FPORTALV1%2Fvideos%2F1523593901020411%2F&#038;show_text=0&#038;width=560\" width=\"560\" height=\"315\" style=\"border:none;overflow:hidden\" scrolling=\"no\" frameborder=\"0\" allowTransparency=\"true\" allowFullScreen=\"true\"><\/iframe><\/div><\/p>\n","protected":false},"excerpt":{"rendered":"<p>Aconteceu nesta segunda-feira (02), a 15\u00aa sess\u00e3o ordin\u00e1ria do Poder Legislativo de Pimenteiras. A sess\u00e3o contou com a presen\u00e7a dos nove vereadores e foi presidida pelo vereador Rogerio Tomaz Mota&#8230;<\/p>\n","protected":false},"author":1,"featured_media":38718,"comment_status":"open","ping_status":"open","sticky":false,"template":"","format":"standard","meta":{"ngg_post_thumbnail":0,"footnotes":""},"categories":[12],"tags":[],"class_list":["post-38717","post","type-post","status-publish","format-standard","has-post-thumbnail","hentry","category-valenca-news"],"views":295,"meta_data":{"thumb":"https:\/\/portalv1.com.br\/app\/wp-content\/uploads\/2017\/10\/IMG_20171002_104411.jpg","imagem":{"fullsize":{"url":"https:\/\/portalv1.com.br\/app\/wp-content\/uploads\/2017\/10\/IMG_20171002_104411.jpg","width":640,"height":480},"thumbnail":{"url":"https:\/\/portalv1.com.br\/app\/wp-content\/uploads\/2017\/10\/IMG_20171002_104411-100x100.jpg","width":100,"height":100},"medium":{"url":"https:\/\/portalv1.com.br\/app\/wp-content\/uploads\/2017\/10\/IMG_20171002_104411-300x225.jpg","width":300,"height":225},"large":{"url":"https:\/\/portalv1.com.br\/app\/wp-content\/uploads\/2017\/10\/IMG_20171002_104411-640x480.jpg","width":640,"height":480}},"data":{"simple":"02\/10\/2017","date_time":"02\/10\/2017 14:38:41","date":"h\u00e1 9 anos"},"chapeu":"Legislativo Municipal ","source":"m_destacada"},"_links":{"self":[{"href":"https:\/\/portalv1.com.br\/api\/wp\/v2\/posts\/38717","targetHints":{"allow":["GET"]}}],"collection":[{"href":"https:\/\/portalv1.com.br\/api\/wp\/v2\/posts"}],"about":[{"href":"https:\/\/portalv1.com.br\/api\/wp\/v2\/types\/post"}],"author":[{"embeddable":true,"href":"https:\/\/portalv1.com.br\/api\/wp\/v2\/users\/1"}],"replies":[{"embeddable":true,"href":"https:\/\/portalv1.com.br\/api\/wp\/v2\/comments?post=38717"}],"version-history":[{"count":0,"href":"https:\/\/portalv1.com.br\/api\/wp\/v2\/posts\/38717\/revisions"}],"wp:featuredmedia":[{"embeddable":true,"href":"https:\/\/portalv1.com.br\/api\/wp\/v2\/media\/38718"}],"wp:attachment":[{"href":"https:\/\/portalv1.com.br\/api\/wp\/v2\/media?parent=38717"}],"wp:term":[{"taxonomy":"category","embeddable":true,"href":"https:\/\/portalv1.com.br\/api\/wp\/v2\/categories?post=38717"},{"taxonomy":"post_tag","embeddable":true,"href":"https:\/\/portalv1.com.br\/api\/wp\/v2\/tags?post=38717"}],"curies":[{"name":"wp","href":"https:\/\/api.w.org\/{rel}","templated":true}]}}