{"id":39293,"date":"2017-10-15T15:44:35","date_gmt":"2017-10-15T18:44:35","guid":{"rendered":"https:\/\/portalv1.com.br\/?p=39293"},"modified":"2017-10-16T21:49:44","modified_gmt":"2017-10-17T00:49:44","slug":"corpo-de-valenciana-chegara-nesta-tarde-para-velorio","status":"publish","type":"post","link":"https:\/\/portalv1.com.br\/corpo-de-valenciana-chegara-nesta-tarde-para-velorio\/","title":{"rendered":"Corpo de valenciana chegar\u00e1 nesta tarde para vel\u00f3rio"},"content":{"rendered":"<figure id=\"attachment_39294\" aria-describedby=\"caption-attachment-39294\" style=\"width: 480px\" class=\"wp-caption aligncenter\"><a href=\"https:\/\/portalv1.com.br\/app\/wp-content\/uploads\/2017\/10\/IMG-20171015-WA0113.jpg\"><img loading=\"lazy\" decoding=\"async\" class=\"size-full wp-image-39294\" src=\"https:\/\/portalv1.com.br\/app\/wp-content\/uploads\/2017\/10\/IMG-20171015-WA0113.jpg\" alt=\"\" width=\"480\" height=\"480\" srcset=\"https:\/\/portalv1.com.br\/app\/wp-content\/uploads\/2017\/10\/IMG-20171015-WA0113.jpg 480w, https:\/\/portalv1.com.br\/app\/wp-content\/uploads\/2017\/10\/IMG-20171015-WA0113-100x100.jpg 100w, https:\/\/portalv1.com.br\/app\/wp-content\/uploads\/2017\/10\/IMG-20171015-WA0113-300x300.jpg 300w\" sizes=\"auto, (max-width: 480px) 100vw, 480px\" \/><\/a><figcaption id=\"caption-attachment-39294\" class=\"wp-caption-text\">Geliane Vieira tinha 30 anos de idade<\/figcaption><\/figure>\n<p>Chegar\u00e1 na tarde deste domingo (15), o corpo da enfermeira valenciana Geliane Vieira (30), que faleceu na manha deste domingo em Fortaleza, ap\u00f3s um acidente automobil\u00edstico entre as cidades de Fortaleza e Juazeiro do Norte no estado do Cear\u00e1.<\/p>\n<p>De acordo com familiares Geliane Vieira vinha no banco do carona juntamente com uma amiga que sobrou em uma curva capotando o carro varias vezes.<\/p>\n<p>As duas foram levadas para Fortaleza e nesta manha por volta das 05h Geliane Vieira veio a \u00f3bito e sua amiga continua internada. Ela \u00e9 filha do casal Gerson Sarmento e Gorete Vieira. O corpo ser\u00e1 velado na resid\u00eancia dos pais, na Avenida 15 de novembro.<\/p>\n","protected":false},"excerpt":{"rendered":"<p>Chegar\u00e1 na tarde deste domingo (15), o corpo da enfermeira valenciana Geliane Vieira (30), que faleceu na manha deste domingo em Fortaleza, ap\u00f3s um acidente automobil\u00edstico entre as cidades de&#8230;<\/p>\n","protected":false},"author":1,"featured_media":39294,"comment_status":"open","ping_status":"open","sticky":false,"template":"","format":"standard","meta":{"ngg_post_thumbnail":0,"footnotes":""},"categories":[12],"tags":[],"class_list":["post-39293","post","type-post","status-publish","format-standard","has-post-thumbnail","hentry","category-valenca-news"],"views":10491,"meta_data":{"thumb":"https:\/\/portalv1.com.br\/app\/wp-content\/uploads\/2017\/10\/IMG-20171015-WA0113.jpg","imagem":{"fullsize":{"url":"https:\/\/portalv1.com.br\/app\/wp-content\/uploads\/2017\/10\/IMG-20171015-WA0113.jpg","width":480,"height":480},"thumbnail":{"url":"https:\/\/portalv1.com.br\/app\/wp-content\/uploads\/2017\/10\/IMG-20171015-WA0113-100x100.jpg","width":100,"height":100},"medium":{"url":"https:\/\/portalv1.com.br\/app\/wp-content\/uploads\/2017\/10\/IMG-20171015-WA0113-300x300.jpg","width":300,"height":300}},"data":{"simple":"15\/10\/2017","date_time":"15\/10\/2017 12:44:35","date":"h\u00e1 9 anos"},"chapeu":"Luto ","source":"retirar"},"_links":{"self":[{"href":"https:\/\/portalv1.com.br\/api\/wp\/v2\/posts\/39293","targetHints":{"allow":["GET"]}}],"collection":[{"href":"https:\/\/portalv1.com.br\/api\/wp\/v2\/posts"}],"about":[{"href":"https:\/\/portalv1.com.br\/api\/wp\/v2\/types\/post"}],"author":[{"embeddable":true,"href":"https:\/\/portalv1.com.br\/api\/wp\/v2\/users\/1"}],"replies":[{"embeddable":true,"href":"https:\/\/portalv1.com.br\/api\/wp\/v2\/comments?post=39293"}],"version-history":[{"count":0,"href":"https:\/\/portalv1.com.br\/api\/wp\/v2\/posts\/39293\/revisions"}],"wp:featuredmedia":[{"embeddable":true,"href":"https:\/\/portalv1.com.br\/api\/wp\/v2\/media\/39294"}],"wp:attachment":[{"href":"https:\/\/portalv1.com.br\/api\/wp\/v2\/media?parent=39293"}],"wp:term":[{"taxonomy":"category","embeddable":true,"href":"https:\/\/portalv1.com.br\/api\/wp\/v2\/categories?post=39293"},{"taxonomy":"post_tag","embeddable":true,"href":"https:\/\/portalv1.com.br\/api\/wp\/v2\/tags?post=39293"}],"curies":[{"name":"wp","href":"https:\/\/api.w.org\/{rel}","templated":true}]}}