{"id":3970,"date":"2010-05-26T19:47:06","date_gmt":"2010-05-26T22:47:06","guid":{"rendered":"https:\/\/portalv1.com.br\/?p=3970"},"modified":"2010-05-26T19:47:06","modified_gmt":"2010-05-26T22:47:06","slug":"tre-julga-dia-31-juizes-acusado-de-atrasar-processos-eleitorais","status":"publish","type":"post","link":"https:\/\/portalv1.com.br\/tre-julga-dia-31-juizes-acusado-de-atrasar-processos-eleitorais\/","title":{"rendered":"TRE julga dia 31 ju\u00edzes acusado de atrasar processos eleitorais."},"content":{"rendered":"<p><a href=\"https:\/\/portalv1.com.br\/app\/wp-content\/uploads\/2010\/04\/urna.jpg\"><img loading=\"lazy\" decoding=\"async\" class=\"alignright size-full wp-image-3625\" title=\"urna\" src=\"https:\/\/portalv1.com.br\/app\/wp-content\/uploads\/2010\/04\/urna.jpg\" alt=\"urna\" width=\"300\" height=\"183\" \/><\/a>O Tribunal Regional Eleitoral do Piau\u00ed vai julgar na manh\u00e3 do pr\u00f3ximo dia 31 (segunda-feira), em Sess\u00e3o Administrativa Extraordin\u00e1ria, sob a presid\u00eancia do desembargador Raimundo Eufr\u00e1sio Alves Filho, a Representa\u00e7\u00e3o n\u00ba 158, em que a Procuradoria Regional Eleitoral no Piau\u00ed est\u00e1 requerendo a abertura de Procedimento Administrativo Disciplinar contra o juiz da 59\u00aa Zona Eleitoral, em Cristino Castro-PI, Francisco das Chagas Ferreira e seu afastamento imediato da Comarca.<\/p>\n<p>Na representa\u00e7\u00e3o da Procuradoria Regional Eleitoral, o juiz Francisco das Chagas Ferreira est\u00e1 sendo acusado de retardar o julgamento de processos eleitorais que tramitam na Comarca de Cristino Castro, a 595 km da Capital do Piau\u00ed (Teresina), sem dar nenhuma justificativa ao andamento dos feitos da Justi\u00e7a Eleitoral no Piau\u00ed.<\/p>\n<p>O Procurador Eleitoral, Marcos Aur\u00e9lio Ad\u00e3o Alves est\u00e1 requerendo o imediato afastamento do magistrado da Comarca de Cristino Castro e que ele seja investigado atrav\u00e9s de um Processo Administrativo Disciplinar.<\/p>\n<p>O relator do processo contra o magistrado no TRE-PI \u00e9 o desembargador Haroldo Oliveira Rehem que \u00e9 vice-presidente daquela corte e o Corregedor Eleitoral no Piau\u00ed.<strong><\/strong><\/p>\n","protected":false},"excerpt":{"rendered":"<p>O Tribunal Regional Eleitoral do Piau\u00ed vai julgar na manh\u00e3 do pr\u00f3ximo dia 31 (segunda-feira), em Sess\u00e3o Administrativa Extraordin\u00e1ria, sob a presid\u00eancia do desembargador Raimundo Eufr\u00e1sio Alves Filho, a Representa\u00e7\u00e3o&#8230;<\/p>\n","protected":false},"author":1,"featured_media":0,"comment_status":"open","ping_status":"open","sticky":false,"template":"","format":"standard","meta":{"ngg_post_thumbnail":0,"footnotes":""},"categories":[243],"tags":[],"class_list":["post-3970","post","type-post","status-publish","format-standard","hentry","category-geral"],"views":553,"meta_data":{"thumb":"https:\/\/portalv1.com.br\/app\/wp-content\/uploads\/2010\/04\/urna.jpg","data":{"simple":"26\/05\/2010","date_time":"26\/05\/2010 16:47:06","date":"h\u00e1 16 anos"},"chapeu":"","source":""},"_links":{"self":[{"href":"https:\/\/portalv1.com.br\/api\/wp\/v2\/posts\/3970","targetHints":{"allow":["GET"]}}],"collection":[{"href":"https:\/\/portalv1.com.br\/api\/wp\/v2\/posts"}],"about":[{"href":"https:\/\/portalv1.com.br\/api\/wp\/v2\/types\/post"}],"author":[{"embeddable":true,"href":"https:\/\/portalv1.com.br\/api\/wp\/v2\/users\/1"}],"replies":[{"embeddable":true,"href":"https:\/\/portalv1.com.br\/api\/wp\/v2\/comments?post=3970"}],"version-history":[{"count":0,"href":"https:\/\/portalv1.com.br\/api\/wp\/v2\/posts\/3970\/revisions"}],"wp:attachment":[{"href":"https:\/\/portalv1.com.br\/api\/wp\/v2\/media?parent=3970"}],"wp:term":[{"taxonomy":"category","embeddable":true,"href":"https:\/\/portalv1.com.br\/api\/wp\/v2\/categories?post=3970"},{"taxonomy":"post_tag","embeddable":true,"href":"https:\/\/portalv1.com.br\/api\/wp\/v2\/tags?post=3970"}],"curies":[{"name":"wp","href":"https:\/\/api.w.org\/{rel}","templated":true}]}}