{"id":39958,"date":"2017-11-03T18:42:35","date_gmt":"2017-11-03T21:42:35","guid":{"rendered":"https:\/\/portalv1.com.br\/?p=39958"},"modified":"2017-11-05T09:58:14","modified_gmt":"2017-11-05T12:58:14","slug":"luto-ex-vereador-caetano-morre-em-teresina","status":"publish","type":"post","link":"https:\/\/portalv1.com.br\/luto-ex-vereador-caetano-morre-em-teresina\/","title":{"rendered":"Luto: Ex-vereador Caetano morre em Teresina"},"content":{"rendered":"<p><a href=\"https:\/\/portalv1.com.br\/app\/wp-content\/uploads\/2017\/11\/caetano.jpg\"><img loading=\"lazy\" decoding=\"async\" class=\"aligncenter size-large wp-image-39959\" src=\"https:\/\/portalv1.com.br\/app\/wp-content\/uploads\/2017\/11\/caetano-640x480.jpg\" alt=\"\" width=\"640\" height=\"480\" srcset=\"https:\/\/portalv1.com.br\/app\/wp-content\/uploads\/2017\/11\/caetano.jpg 640w, https:\/\/portalv1.com.br\/app\/wp-content\/uploads\/2017\/11\/caetano-300x225.jpg 300w\" sizes=\"auto, (max-width: 640px) 100vw, 640px\" \/><\/a>A cidade de Valen\u00e7a viveu uma sexta-feira (03) com duas grandes perdas. Pela manha faleceu o senhor Amadeu Matias e agora foi confirmada a morte do ex-vereador Ant\u00f4nio Geraldo Caetano que estava internado em Teresina. O corpo do ex-vereador dever\u00e1 chegar nesta madrugada a Valen\u00e7a, onde ser\u00e1 decidido pela fam\u00edlia o local do vel\u00f3rio e sepultamento. &nbsp;&nbsp;<\/p>\n<p><strong>Ant\u00f4nio Geraldo Caetano<\/strong> entrou para a pol\u00edtica em 1982, \u00e9poca das sublegendas partid\u00e1rias, quando se candidatou pela primeira vez pela sublegenda PDS 3, apoiando o m\u00e9dico Ant\u00f4nio Bomfim para prefeito, mas n\u00e3o logrou \u00eaxito, ficando na segunda supl\u00eancia com 259 votos.<\/p>\n<p>Em 1988 com o fim das sublegendas \u00e9 eleito vereador pela primeira vez pelo PDS. Em 1991 deixa o PDS e funda o PSDB, juntamente com os m\u00e9dicos Ant\u00f4nio Bonfim e Jos\u00e9 Gaud\u00eancio Veloso, partido pelo qual se reelegeu em 1992, 1996 e 2000.<\/p>\n<p>Foi o principal representante pol\u00edtico em Valen\u00e7a do ent\u00e3o governador M\u00e3o Santa nos seus dois governos de 1995 a 2001, onde tinha prest\u00edgio em v\u00e1rias indica\u00e7\u00f5es para os principais cargos de confian\u00e7a do estado em Valen\u00e7a e em v\u00e1rios outros escal\u00f5es da esfera estadual neste per\u00edodo.<\/p>\n<p>Tal prest\u00edgio lhe rendeu a primeira coloca\u00e7\u00e3o na elei\u00e7\u00e3o de vereador do ano 2000 com 671 votos, que juntamente com a vit\u00f3ria do m\u00e9dico Jarbas Matias para prefeito no mesmo ano quebrou um ciclo de cerca de vinte anos de dom\u00ednio do antigo PFL \u00e0 frente da prefeitura municipal de Valen\u00e7a.<\/p>\n<p>Caetano era um dos principais s\u00edmbolos de resist\u00eancia aos governos pefelistas, algo que viria a ser quebrado anos depois. Em 2003 \u00e9 eleito presidente municipal do PSDB. Em 2004, j\u00e1 com M\u00e3o Santa fora do governo, Caetano amargou uma derrota avassaladora, onde obteve apenas 360 votos, encerrando assim a sua carreira pol\u00edtica como candidato.<\/p>\n<p>Em 2007 filiou-se ao PSB e de l\u00e1 pra c\u00e1 foi cabo eleitoral da ent\u00e3o vereadora e hoje prefeita Cei\u00e7a Dias em dois pleitos consecutivos e se juntou a antigos advers\u00e1rios, Francisco Alc\u00e2ntara e Walfredo Filho em 2008 e 2012, respectivamente. J\u00e1 em 2016 apoiou a candidatura de sua nora, F\u00e1tima Bezerra \u00e0 C\u00e2mara Municipal que se elegeu vereadora com 342 votos.<\/p>\n<p>Caetano sempre apoiou para a Assembleia Legislativa o deputado Kleber Eul\u00e1lio, desde quando este ingressou na pol\u00edtica estadual em 1986 at\u00e9 2010, quando disputou seu \u00faltimo pleito de deputado antes de ingressar no TCE (Tribunal de Contas do Estado) como conselheiro vital\u00edcio. Deixa quatro filhos, Afonso, Jos\u00e9 Ramos, Ilana e Iolanda. Aguardem mais noticias.<\/p>\n<p>Colabora\u00e7\u00e3o Ailton Carvalho<\/p>\n<p>&nbsp;<\/p>\n","protected":false},"excerpt":{"rendered":"<p>A cidade de Valen\u00e7a viveu uma sexta-feira (03) com duas grandes perdas. Pela manha faleceu o senhor Amadeu Matias e agora foi confirmada a morte do ex-vereador Ant\u00f4nio Geraldo Caetano&#8230;<\/p>\n","protected":false},"author":1,"featured_media":39959,"comment_status":"open","ping_status":"open","sticky":false,"template":"","format":"standard","meta":{"ngg_post_thumbnail":0,"footnotes":""},"categories":[12],"tags":[],"class_list":["post-39958","post","type-post","status-publish","format-standard","has-post-thumbnail","hentry","category-valenca-news"],"views":3314,"meta_data":{"thumb":"https:\/\/portalv1.com.br\/app\/wp-content\/uploads\/2017\/11\/caetano.jpg","imagem":{"fullsize":{"url":"https:\/\/portalv1.com.br\/app\/wp-content\/uploads\/2017\/11\/caetano.jpg","width":640,"height":480},"thumbnail":{"url":"https:\/\/portalv1.com.br\/app\/wp-content\/uploads\/2017\/11\/caetano-100x100.jpg","width":100,"height":100},"medium":{"url":"https:\/\/portalv1.com.br\/app\/wp-content\/uploads\/2017\/11\/caetano-300x225.jpg","width":300,"height":225},"large":{"url":"https:\/\/portalv1.com.br\/app\/wp-content\/uploads\/2017\/11\/caetano-640x480.jpg","width":640,"height":480}},"data":{"simple":"03\/11\/2017","date_time":"03\/11\/2017 15:42:35","date":"h\u00e1 8 anos"},"chapeu":"Luto ","source":"retirar"},"_links":{"self":[{"href":"https:\/\/portalv1.com.br\/api\/wp\/v2\/posts\/39958","targetHints":{"allow":["GET"]}}],"collection":[{"href":"https:\/\/portalv1.com.br\/api\/wp\/v2\/posts"}],"about":[{"href":"https:\/\/portalv1.com.br\/api\/wp\/v2\/types\/post"}],"author":[{"embeddable":true,"href":"https:\/\/portalv1.com.br\/api\/wp\/v2\/users\/1"}],"replies":[{"embeddable":true,"href":"https:\/\/portalv1.com.br\/api\/wp\/v2\/comments?post=39958"}],"version-history":[{"count":0,"href":"https:\/\/portalv1.com.br\/api\/wp\/v2\/posts\/39958\/revisions"}],"wp:featuredmedia":[{"embeddable":true,"href":"https:\/\/portalv1.com.br\/api\/wp\/v2\/media\/39959"}],"wp:attachment":[{"href":"https:\/\/portalv1.com.br\/api\/wp\/v2\/media?parent=39958"}],"wp:term":[{"taxonomy":"category","embeddable":true,"href":"https:\/\/portalv1.com.br\/api\/wp\/v2\/categories?post=39958"},{"taxonomy":"post_tag","embeddable":true,"href":"https:\/\/portalv1.com.br\/api\/wp\/v2\/tags?post=39958"}],"curies":[{"name":"wp","href":"https:\/\/api.w.org\/{rel}","templated":true}]}}