{"id":4,"date":"2008-09-23T09:55:52","date_gmt":"2008-09-23T12:55:52","guid":{"rendered":"https:\/\/portalv1.com.br\/?p=4"},"modified":"2008-09-23T17:57:44","modified_gmt":"2008-09-23T20:57:44","slug":"valencianos-lotam-festejos-de-santa-cruz-dos-milagres","status":"publish","type":"post","link":"https:\/\/portalv1.com.br\/valencianos-lotam-festejos-de-santa-cruz-dos-milagres\/","title":{"rendered":"Valencianos lotam festejos de Santa Cruz dos Milagres"},"content":{"rendered":"<p><img loading=\"lazy\" decoding=\"async\" style=\"vertical-align: middle;\" src=\"fotos\/scruz.jpg\" alt=\"Festejos de Santa Cruz dos Milagres - PI\" width=\"300\" height=\"225\" \/><\/p>\n<p>Come\u00e7am a chegar \u00e0s dezenas de romeiros que participaram nessa semana do Festejo de Santa Cruz dos Milagres. A cidade que tem a terceira mais importante romaria do Nordeste recebe em m\u00e9dia 150 mil turistas por ano. Um deles \u00e9 o senhor Ant\u00f4nio Francisco de Sousa, de 54 anos, que completou 35 anos que participa do festejo \u201cse Deus permitir no pr\u00f3ximo ano vou de novo\u201d. A maioria dos romeiros segundo Ant\u00f4nio Francisco passa de um a dois dias \u201cesse ano eu passei dois dias, mas a maioria passa um dia, principalmente devido \u00e0 precariedade da cidade\u201d disse. A boa noticia desse ano ficou por conta da inaugura\u00e7\u00e3o pelo governo do estado da PI 225, que liga a cidade a BR 316.<\/p>\n","protected":false},"excerpt":{"rendered":"<p>Come\u00e7am a chegar \u00e0s dezenas de romeiros que participaram nessa semana do Festejo de Santa Cruz dos Milagres. A cidade que tem a terceira mais importante romaria do Nordeste recebe&#8230;<\/p>\n","protected":false},"author":1,"featured_media":0,"comment_status":"open","ping_status":"open","sticky":false,"template":"","format":"standard","meta":{"ngg_post_thumbnail":0,"footnotes":""},"categories":[12],"tags":[],"class_list":["post-4","post","type-post","status-publish","format-standard","hentry","category-valenca-news"],"views":1282,"meta_data":{"thumb":null,"imagem":null,"data":{"simple":"23\/09\/2008","date_time":"23\/09\/2008 06:55:52","date":"h\u00e1 18 anos"},"chapeu":"","source":""},"_links":{"self":[{"href":"https:\/\/portalv1.com.br\/api\/wp\/v2\/posts\/4","targetHints":{"allow":["GET"]}}],"collection":[{"href":"https:\/\/portalv1.com.br\/api\/wp\/v2\/posts"}],"about":[{"href":"https:\/\/portalv1.com.br\/api\/wp\/v2\/types\/post"}],"author":[{"embeddable":true,"href":"https:\/\/portalv1.com.br\/api\/wp\/v2\/users\/1"}],"replies":[{"embeddable":true,"href":"https:\/\/portalv1.com.br\/api\/wp\/v2\/comments?post=4"}],"version-history":[{"count":0,"href":"https:\/\/portalv1.com.br\/api\/wp\/v2\/posts\/4\/revisions"}],"wp:attachment":[{"href":"https:\/\/portalv1.com.br\/api\/wp\/v2\/media?parent=4"}],"wp:term":[{"taxonomy":"category","embeddable":true,"href":"https:\/\/portalv1.com.br\/api\/wp\/v2\/categories?post=4"},{"taxonomy":"post_tag","embeddable":true,"href":"https:\/\/portalv1.com.br\/api\/wp\/v2\/tags?post=4"}],"curies":[{"name":"wp","href":"https:\/\/api.w.org\/{rel}","templated":true}]}}