{"id":40464,"date":"2017-11-15T23:20:02","date_gmt":"2017-11-16T02:20:02","guid":{"rendered":"https:\/\/portalv1.com.br\/?p=40464"},"modified":"2017-11-17T20:27:37","modified_gmt":"2017-11-17T23:27:37","slug":"festa-da-beleza-acontece-dia-25-confira-a-programacao","status":"publish","type":"post","link":"https:\/\/portalv1.com.br\/festa-da-beleza-acontece-dia-25-confira-a-programacao\/","title":{"rendered":"Festa da Beleza Negra acontece dia 25. Confira a programa\u00e7\u00e3o"},"content":{"rendered":"<p><a href=\"https:\/\/portalv1.com.br\/app\/wp-content\/uploads\/2017\/11\/IMG-20171114-WA0141.jpg\"><img loading=\"lazy\" decoding=\"async\" class=\"aligncenter size-full wp-image-40465\" src=\"https:\/\/portalv1.com.br\/app\/wp-content\/uploads\/2017\/11\/IMG-20171114-WA0141.jpg\" alt=\"\" width=\"522\" height=\"690\" srcset=\"https:\/\/portalv1.com.br\/app\/wp-content\/uploads\/2017\/11\/IMG-20171114-WA0141.jpg 522w, https:\/\/portalv1.com.br\/app\/wp-content\/uploads\/2017\/11\/IMG-20171114-WA0141-300x397.jpg 300w\" sizes=\"auto, (max-width: 522px) 100vw, 522px\" \/><\/a>Confirmada para o pr\u00f3ximo dia 25 de novembro, a tradicional festa da Beleza Negra em Valen\u00e7a. O evento \u00e9 promovido pelo CEPAVA e Casa Renascer em comemora\u00e7\u00e3o ao Dia da Consci\u00eancia Negra que \u00e9 comemorado dia 20 de novembro.<\/p>\n<p>Nesse dia, a programa\u00e7\u00e3o apresenta varias atra\u00e7\u00f5es como feiras, palestras, oficinas, balada reggae com o grupo RBS Vinyl de Teresina e For\u00e7a Negra de Floriano.<\/p>\n<p>A noite acontece o concurso para a escolha do Rei e Rainha Afro 2017 no Lava Jato Coelho. A feira e as outras atra\u00e7\u00f5es ser\u00e3o realizadas a partir das 08h da manha no terminal rodovi\u00e1rio.<\/p>\n","protected":false},"excerpt":{"rendered":"<p>Confirmada para o pr\u00f3ximo dia 25 de novembro, a tradicional festa da Beleza Negra em Valen\u00e7a. O evento \u00e9 promovido pelo CEPAVA e Casa Renascer em comemora\u00e7\u00e3o ao Dia da&#8230;<\/p>\n","protected":false},"author":1,"featured_media":40465,"comment_status":"open","ping_status":"open","sticky":false,"template":"","format":"standard","meta":{"ngg_post_thumbnail":0,"footnotes":""},"categories":[245,12],"tags":[],"class_list":["post-40464","post","type-post","status-publish","format-standard","has-post-thumbnail","hentry","category-entretenimento","category-valenca-news"],"views":652,"meta_data":{"thumb":"https:\/\/portalv1.com.br\/app\/wp-content\/uploads\/2017\/11\/IMG-20171114-WA0141.jpg","imagem":{"fullsize":{"url":"https:\/\/portalv1.com.br\/app\/wp-content\/uploads\/2017\/11\/IMG-20171114-WA0141.jpg","width":522,"height":690},"thumbnail":{"url":"https:\/\/portalv1.com.br\/app\/wp-content\/uploads\/2017\/11\/IMG-20171114-WA0141-100x100.jpg","width":100,"height":100},"medium":{"url":"https:\/\/portalv1.com.br\/app\/wp-content\/uploads\/2017\/11\/IMG-20171114-WA0141-300x397.jpg","width":300,"height":397}},"data":{"simple":"15\/11\/2017","date_time":"15\/11\/2017 20:20:02","date":"h\u00e1 8 anos"},"chapeu":"Rei e Rainha Afro 2017 ","source":"retirar"},"_links":{"self":[{"href":"https:\/\/portalv1.com.br\/api\/wp\/v2\/posts\/40464","targetHints":{"allow":["GET"]}}],"collection":[{"href":"https:\/\/portalv1.com.br\/api\/wp\/v2\/posts"}],"about":[{"href":"https:\/\/portalv1.com.br\/api\/wp\/v2\/types\/post"}],"author":[{"embeddable":true,"href":"https:\/\/portalv1.com.br\/api\/wp\/v2\/users\/1"}],"replies":[{"embeddable":true,"href":"https:\/\/portalv1.com.br\/api\/wp\/v2\/comments?post=40464"}],"version-history":[{"count":0,"href":"https:\/\/portalv1.com.br\/api\/wp\/v2\/posts\/40464\/revisions"}],"wp:featuredmedia":[{"embeddable":true,"href":"https:\/\/portalv1.com.br\/api\/wp\/v2\/media\/40465"}],"wp:attachment":[{"href":"https:\/\/portalv1.com.br\/api\/wp\/v2\/media?parent=40464"}],"wp:term":[{"taxonomy":"category","embeddable":true,"href":"https:\/\/portalv1.com.br\/api\/wp\/v2\/categories?post=40464"},{"taxonomy":"post_tag","embeddable":true,"href":"https:\/\/portalv1.com.br\/api\/wp\/v2\/tags?post=40464"}],"curies":[{"name":"wp","href":"https:\/\/api.w.org\/{rel}","templated":true}]}}