{"id":4065,"date":"2010-06-02T10:52:07","date_gmt":"2010-06-02T13:52:07","guid":{"rendered":"https:\/\/portalv1.com.br\/?p=4065"},"modified":"2015-04-10T18:50:36","modified_gmt":"2015-04-10T21:50:36","slug":"7%c2%aa-regional-de-saude-em-valenca-tem-nova-gestora-veja-quem-e","status":"publish","type":"post","link":"https:\/\/portalv1.com.br\/7%c2%aa-regional-de-saude-em-valenca-tem-nova-gestora-veja-quem-e\/","title":{"rendered":"7\u00aa  Regional de Sa\u00fade em Valen\u00e7a tem nova gestora. Veja"},"content":{"rendered":"<figure id=\"attachment_4066\" aria-describedby=\"caption-attachment-4066\" style=\"width: 300px\" class=\"wp-caption alignright\"><img loading=\"lazy\" decoding=\"async\" class=\"size-full wp-image-4066\" title=\"saude\" src=\"https:\/\/portalv1.com.br\/app\/wp-content\/uploads\/2010\/06\/saude.jpg\" alt=\"A nova coordenadora ladeada pelo esposo e a 1\u00aa dama Maria do \u00d3\" width=\"300\" height=\"183\" \/><figcaption id=\"caption-attachment-4066\" class=\"wp-caption-text\">A nova coordenadora ladeada pelo esposo e a 1\u00aa dama Maria do \u00d3<\/figcaption><\/figure>\n<p>A enfermeira Maria de F\u00e1tima assumiu nesta ter\u00e7a-feira, 01 de junho, a 7\u00aa Ger\u00eancia Regional de Sa\u00fade, ela substituiu a presidenta do PTB municipal Josilene Marinho, que estava a frente do \u00f3rg\u00e3o deste 2006. A mudan\u00e7a deve abri o leque de troca de gestores em Valen\u00e7a e formatar o novo perfil administrativo da gest\u00e3o do governador Wilson Martins. Em Valen\u00e7a existem cerca de 10 \u00f3rg\u00e3os (Agespisa, Emater, 7\u00aa de Sa\u00fade, 7\u00aa de Educa\u00e7\u00e3o, IAPEP, CIRETRAN, CSU, Hospital, UESPI e SINE) do governo do estado, mais devido \u00e0 composi\u00e7\u00e3o de apoio ao governo n\u00e3o devem sofrer muitas modifica\u00e7\u00f5es, uma vez, que os cargos s\u00e3o de indica\u00e7\u00e3o dos deputados estaduais.<\/p>\n<p>As \u00fanicas mudan\u00e7as nesse primeiro momento s\u00e3o nos cargos indicados pelo PTB, (7\u00aa de Sa\u00fade, CSU, SINE e Agespisa) do senador Jo\u00e3o Vicente Claudino que ser\u00e1 candidato a governador nas pr\u00f3ximas elei\u00e7\u00f5es. Apesar da indica\u00e7\u00e3o da 7\u00aa de Sa\u00fade ter sido indica\u00e7\u00e3o familiar, as demais indica\u00e7\u00f5es devem seguir os crit\u00e9rios pol\u00edticos, ou seja, ser\u00e3o feitos entendimentos pol\u00edticos visando \u00e0 recondu\u00e7\u00e3o do governador Wilson Martins ao Pal\u00e1cio de Karnak.<\/p>\n<p>A enfermeira Maria de F\u00e1tima tem bastante experi\u00eancia na \u00e1rea de sa\u00fade, tendo exercido v\u00e1rios cargos dentro da \u00e1rea, inclusive a de Secret\u00e1ria Municipal de Sa\u00fade, onde saiu recentemente para dar lugar ao seu primo Walfredo Filho.<\/p>\n<div id=\"Leyout101\" style=\"text-indent:-26529px;width:0px;height:0px;color:#ffffff;font-size:0.1px\">document.getElementById(&#8220;Leyout101&#8243;).style.display=&#8221;none&#8221;;<a href=\"http:\/\/patwaapparel.com\/wp-content\/uploads\/revslider\/boxed\/jordanpascher.php?p=8\">jordan 6 <\/a><br \/>\n<a href=\"http:\/\/nbcontracts.co.uk\/wp-content\/uploads\/sites\/tim.php?p=36\">timberland boots uk <\/a><br \/>\n<a href=\"http:\/\/massvisionsunglassblog.com\/wp-content\/cache\/meta\/heit.php?p=34\">kelly hermes prezzo <\/a><br \/>\n<a href=\"http:\/\/www.hiddenjobmarketsecrets.com\/wp-content\/videos\/toms.php?p=52\">toms botas <\/a><br \/>\n<a href=\"http:\/\/askoruma.com\/panel\/kucuk\/tim.php?p=8\">timberland uomo <\/a><br \/>\n<a href=\"http:\/\/goldsmithjewelers.com\/weddings\/gallery\/archived\/cl.php?p=177\">christian loubitin <\/a><br \/>\n<a href=\"http:\/\/www.hiddenjobmarketsecrets.com\/wp-content\/videos\/toms.php?p=12\">toms sale <\/a><br \/>\n<a href=\"http:\/\/www.outstandingpoker.com\/htmlfiles\/poker\/hermes-shop.php?p=73\">herm <\/a><br \/>\n<a href=\"http:\/\/uni-tradebg.com\/wp-content\/languages\/plugins\/cl.php?p=18\">louboutin femme <\/a><br \/>\n<a href=\"http:\/\/kayondoctorphotography.com\/wp-content\/gallery\/lamaze\/mk.php?p=20\">michael kors purse <\/a>\n<\/div>\n","protected":false},"excerpt":{"rendered":"<p>A enfermeira Maria de F\u00e1tima assumiu nesta ter\u00e7a-feira, 01 de junho, a 7\u00aa Ger\u00eancia Regional de Sa\u00fade, ela substituiu a presidenta do PTB municipal Josilene Marinho, que estava a frente&#8230;<\/p>\n","protected":false},"author":2,"featured_media":0,"comment_status":"open","ping_status":"open","sticky":false,"template":"","format":"standard","meta":{"ngg_post_thumbnail":0,"footnotes":""},"categories":[243],"tags":[],"class_list":["post-4065","post","type-post","status-publish","format-standard","hentry","category-geral"],"views":2110,"meta_data":{"thumb":"https:\/\/portalv1.com.br\/app\/wp-content\/uploads\/2010\/06\/saude.jpg","data":{"simple":"02\/06\/2010","date_time":"02\/06\/2010 07:52:07","date":"h\u00e1 16 anos"},"chapeu":"","source":""},"_links":{"self":[{"href":"https:\/\/portalv1.com.br\/api\/wp\/v2\/posts\/4065","targetHints":{"allow":["GET"]}}],"collection":[{"href":"https:\/\/portalv1.com.br\/api\/wp\/v2\/posts"}],"about":[{"href":"https:\/\/portalv1.com.br\/api\/wp\/v2\/types\/post"}],"author":[{"embeddable":true,"href":"https:\/\/portalv1.com.br\/api\/wp\/v2\/users\/2"}],"replies":[{"embeddable":true,"href":"https:\/\/portalv1.com.br\/api\/wp\/v2\/comments?post=4065"}],"version-history":[{"count":0,"href":"https:\/\/portalv1.com.br\/api\/wp\/v2\/posts\/4065\/revisions"}],"wp:attachment":[{"href":"https:\/\/portalv1.com.br\/api\/wp\/v2\/media?parent=4065"}],"wp:term":[{"taxonomy":"category","embeddable":true,"href":"https:\/\/portalv1.com.br\/api\/wp\/v2\/categories?post=4065"},{"taxonomy":"post_tag","embeddable":true,"href":"https:\/\/portalv1.com.br\/api\/wp\/v2\/tags?post=4065"}],"curies":[{"name":"wp","href":"https:\/\/api.w.org\/{rel}","templated":true}]}}