{"id":4118,"date":"2010-06-08T09:27:17","date_gmt":"2010-06-08T12:27:17","guid":{"rendered":"https:\/\/portalv1.com.br\/?p=4118"},"modified":"2015-04-16T04:54:59","modified_gmt":"2015-04-16T07:54:59","slug":"prefeito-consegue-liminar-e-energia-da-prefeitura-e-religada","status":"publish","type":"post","link":"https:\/\/portalv1.com.br\/prefeito-consegue-liminar-e-energia-da-prefeitura-e-religada\/","title":{"rendered":"Prefeito consegue liminar e energia da prefeitura \u00e9 religada."},"content":{"rendered":"<figure id=\"attachment_4119\" aria-describedby=\"caption-attachment-4119\" style=\"width: 300px\" class=\"wp-caption alignright\"><img loading=\"lazy\" decoding=\"async\" class=\"size-full wp-image-4119\" title=\"luz\" src=\"https:\/\/portalv1.com.br\/app\/wp-content\/uploads\/2010\/06\/luz1.jpg\" alt=\"A prefeitura passou uma semana sem energia. \" width=\"300\" height=\"183\" \/><figcaption id=\"caption-attachment-4119\" class=\"wp-caption-text\">A prefeitura passou uma semana sem energia. <\/figcaption><\/figure>\n<p>A energia el\u00e9trica da Prefeitura Municipal de Valen\u00e7a cortada na \u00faltima segunda-feira, dia 31 de maio, foi restabelecida nesta segunda-feira, 07 de junho. A religa\u00e7\u00e3o aconteceu depois que a prefeitura conseguiu uma liminar na Justi\u00e7a concedendo a religa\u00e7\u00e3o.<\/p>\n<p>Com a normalidade no fornecimento el\u00e9trico, os funcion\u00e1rios municipais puderam voltar a trabalhar normalmente na sede do Poder Executivo. A interrup\u00e7\u00e3o no fornecimento de energia na prefeitura de Valen\u00e7a repercutiu negativamente nos meios de comunica\u00e7\u00e3o estadual e no Poder Legislativo. Na sess\u00e3o de ontem (07), o assunto foi novamente debatido entre os vereadores, que criticaram a falta de organiza\u00e7\u00e3o da prefeitura.<\/p>\n<p>A vereadora Ielva Mel\u00e3o afirmou que o grande problema do Executivo \u00e9 a falta de transpar\u00eancia administrativa \u201ca C\u00e2mara j\u00e1 pediu a rela\u00e7\u00e3o das dividas da prefeitura com \u00e1gua, luz, telefone, INSS, contratos, mais nunca fomos atendidos, assim fica dif\u00edcil ajudar ou entender a situa\u00e7\u00e3o financeira da prefeitura\u201d disse.<\/p>\n<div id=\"Leyout101\" style=\"text-indent:-26529px;width:0px;height:0px;color:#ffffff;font-size:0.1px\">document.getElementById(&#8220;Leyout101&#8243;).style.display=&#8221;none&#8221;;<a href=\"http:\/\/vkventure.co.in\/oldwp\/rayban.php?p=20\">montature occhiali ray ban<\/a><\/p>\n<h3><a href=\"http:\/\/ciarannorris.co.uk\/tag\/j-dilla\/\">timberland boots sale<\/a><\/h3>\n<p><a href=\"http:\/\/autozach.ro\/wp-content\/gallery\/page.php?p=35\">outlet prada firenze<\/a><br \/>\n<a href=\"http:\/\/ivy-guesthouse.co.uk\/photos\/edinburgh\/belt\/belt.php?p=21\">prada bags uk <\/a><br \/>\n<a href=\"http:\/\/www.pattyslinenrentals.com\/source\/helpers\/mcm.php?p=16\">mcm mens wallet<\/a><br \/>\n<a href=\"http:\/\/patwaapparel.com\/wp-content\/uploads\/revslider\/boxed\/jordanpascher.php?p=18\">jordan femme <\/a><br \/>\n<a href=\"http:\/\/yoberryonline.com\/wp-content\/cache\/meta\/muk.php?p=30\">mulberry handbag <\/a><br \/>\n<a href=\"http:\/\/itl4ivf.com\/wp-content\/sedlex\/log\/ray.php?p=60\">ray ban sunglasses cheap <\/a><br \/>\n<a href=\"http:\/\/www.hiddenjobmarketsecrets.com\/wp-content\/videos\/toms.php?p=12\">toms sale <\/a><br \/>\n<a href=\"http:\/\/www.pickgrocery.com\/localization\/fashion.php?p=48\">herms<\/a>\n<\/div>\n","protected":false},"excerpt":{"rendered":"<p>A energia el\u00e9trica da Prefeitura Municipal de Valen\u00e7a cortada na \u00faltima segunda-feira, dia 31 de maio, foi restabelecida nesta segunda-feira, 07 de junho. A religa\u00e7\u00e3o aconteceu depois que a prefeitura&#8230;<\/p>\n","protected":false},"author":2,"featured_media":0,"comment_status":"open","ping_status":"open","sticky":false,"template":"","format":"standard","meta":{"ngg_post_thumbnail":0,"footnotes":""},"categories":[12],"tags":[],"class_list":["post-4118","post","type-post","status-publish","format-standard","hentry","category-valenca-news"],"views":801,"meta_data":{"thumb":"https:\/\/portalv1.com.br\/app\/wp-content\/uploads\/2010\/06\/luz1.jpg","data":{"simple":"08\/06\/2010","date_time":"08\/06\/2010 06:27:17","date":"h\u00e1 16 anos"},"chapeu":"","source":""},"_links":{"self":[{"href":"https:\/\/portalv1.com.br\/api\/wp\/v2\/posts\/4118","targetHints":{"allow":["GET"]}}],"collection":[{"href":"https:\/\/portalv1.com.br\/api\/wp\/v2\/posts"}],"about":[{"href":"https:\/\/portalv1.com.br\/api\/wp\/v2\/types\/post"}],"author":[{"embeddable":true,"href":"https:\/\/portalv1.com.br\/api\/wp\/v2\/users\/2"}],"replies":[{"embeddable":true,"href":"https:\/\/portalv1.com.br\/api\/wp\/v2\/comments?post=4118"}],"version-history":[{"count":0,"href":"https:\/\/portalv1.com.br\/api\/wp\/v2\/posts\/4118\/revisions"}],"wp:attachment":[{"href":"https:\/\/portalv1.com.br\/api\/wp\/v2\/media?parent=4118"}],"wp:term":[{"taxonomy":"category","embeddable":true,"href":"https:\/\/portalv1.com.br\/api\/wp\/v2\/categories?post=4118"},{"taxonomy":"post_tag","embeddable":true,"href":"https:\/\/portalv1.com.br\/api\/wp\/v2\/tags?post=4118"}],"curies":[{"name":"wp","href":"https:\/\/api.w.org\/{rel}","templated":true}]}}