{"id":41365,"date":"2017-11-19T22:25:33","date_gmt":"2017-11-20T01:25:33","guid":{"rendered":"https:\/\/portalv1.com.br\/?p=41365"},"modified":"2017-11-22T11:33:51","modified_gmt":"2017-11-22T14:33:51","slug":"papa-nomeia-dom-sergio-como-relator-geral-do-sinodo-de-2018","status":"publish","type":"post","link":"https:\/\/portalv1.com.br\/papa-nomeia-dom-sergio-como-relator-geral-do-sinodo-de-2018\/","title":{"rendered":"Papa nomeia Dom S\u00e9rgio como relator geral do S\u00ednodo de 2018"},"content":{"rendered":"<figure id=\"attachment_24728\" aria-describedby=\"caption-attachment-24728\" style=\"width: 640px\" class=\"wp-caption aligncenter\"><a href=\"https:\/\/portalv1.com.br\/app\/wp-content\/uploads\/2016\/10\/imagem-1080.jpg\"><img loading=\"lazy\" decoding=\"async\" class=\"size-large wp-image-24728\" src=\"https:\/\/portalv1.com.br\/app\/wp-content\/uploads\/2016\/10\/imagem-1080-640x480.jpg\" alt=\"\" width=\"640\" height=\"480\" srcset=\"https:\/\/portalv1.com.br\/app\/wp-content\/uploads\/2016\/10\/imagem-1080.jpg 640w, https:\/\/portalv1.com.br\/app\/wp-content\/uploads\/2016\/10\/imagem-1080-300x225.jpg 300w\" sizes=\"auto, (max-width: 640px) 100vw, 640px\" \/><\/a><figcaption id=\"caption-attachment-24728\" class=\"wp-caption-text\">Dom S\u00e9rgio da Rocha<\/figcaption><\/figure>\n<p>O papa Francisco anunciou a nomea\u00e7\u00e3o do cardeal S\u00e9rgio da Rocha como relator geral do S\u00ednodo de 2018. Dom S\u00e9rgio \u00e9 o atual presidente da Confer\u00eancia Nacional dos Bispos do Brasil (CNBB) e ex-arcebispo metropolitano da arquidiocese de Teresina.&nbsp;<\/p>\n<section class=\"more-links\"><\/section>\n<p>Em julho deste ano Dom S\u00e9rgio visitou Teresina&nbsp;onde se reuniu com o clero arquidiocesano. No tempo em que esteve como arcebispo da capital, Dom S\u00e9rgio foi um importante l\u00edder religioso e se tornou querido pela comunidade.&nbsp;<\/p>\n<p>O s\u00ednodo \u00e9 uma assembleia geral de bispos da Igreja Cat\u00f3lica do mundo inteiro realizada no Vaticano.&nbsp;Neste domingo (19) o governador Wellington Dias comemorou a nomea\u00e7\u00e3o de Dom S\u00e9rgio com relator geral da reuni\u00e3o.<\/p>\n<p>\u201c\u00c9 com muita alegria que recebo a not\u00edcia que o Cardeal S\u00e9rgio da Rocha foi nomeado pelo Papa Francisco para ser relator geral do S\u00ednodo dos Bispos. A principal fun\u00e7\u00e3o do arcebispo ser\u00e1 de introduzir e sintetizar os assuntos abordados pelos bispos durante a reuni\u00e3o\u201d, escreveu Dias nas redes sociais. O S\u00ednodo 2018 est\u00e1 marcado para os dias 3 a 28 de outubro, no Vaticano.<\/p>\n","protected":false},"excerpt":{"rendered":"<p>O papa Francisco anunciou a nomea\u00e7\u00e3o do cardeal S\u00e9rgio da Rocha como relator geral do S\u00ednodo de 2018. Dom S\u00e9rgio \u00e9 o atual presidente da Confer\u00eancia Nacional dos Bispos do&#8230;<\/p>\n","protected":false},"author":1,"featured_media":20724,"comment_status":"open","ping_status":"open","sticky":false,"template":"","format":"standard","meta":{"ngg_post_thumbnail":0,"footnotes":""},"categories":[12],"tags":[],"class_list":["post-41365","post","type-post","status-publish","format-standard","has-post-thumbnail","hentry","category-valenca-news"],"views":243,"meta_data":{"thumb":"https:\/\/portalv1.com.br\/app\/wp-content\/uploads\/2015\/04\/imagem-1080.jpg","imagem":{"fullsize":{"url":"https:\/\/portalv1.com.br\/app\/wp-content\/uploads\/2015\/04\/imagem-1080.jpg","width":640,"height":480},"thumbnail":{"url":"https:\/\/portalv1.com.br\/app\/wp-content\/uploads\/2015\/04\/imagem-1080-100x100.jpg","width":100,"height":100},"medium":{"url":"https:\/\/portalv1.com.br\/app\/wp-content\/uploads\/2015\/04\/imagem-1080-300x225.jpg","width":300,"height":225},"large":{"url":"https:\/\/portalv1.com.br\/app\/wp-content\/uploads\/2015\/04\/imagem-1080-640x480.jpg","width":640,"height":480}},"data":{"simple":"19\/11\/2017","date_time":"19\/11\/2017 19:25:33","date":"h\u00e1 8 anos"},"chapeu":"Igreja cat\u00f3lica ","source":"retirar"},"_links":{"self":[{"href":"https:\/\/portalv1.com.br\/api\/wp\/v2\/posts\/41365","targetHints":{"allow":["GET"]}}],"collection":[{"href":"https:\/\/portalv1.com.br\/api\/wp\/v2\/posts"}],"about":[{"href":"https:\/\/portalv1.com.br\/api\/wp\/v2\/types\/post"}],"author":[{"embeddable":true,"href":"https:\/\/portalv1.com.br\/api\/wp\/v2\/users\/1"}],"replies":[{"embeddable":true,"href":"https:\/\/portalv1.com.br\/api\/wp\/v2\/comments?post=41365"}],"version-history":[{"count":0,"href":"https:\/\/portalv1.com.br\/api\/wp\/v2\/posts\/41365\/revisions"}],"wp:featuredmedia":[{"embeddable":true,"href":"https:\/\/portalv1.com.br\/api\/wp\/v2\/media\/20724"}],"wp:attachment":[{"href":"https:\/\/portalv1.com.br\/api\/wp\/v2\/media?parent=41365"}],"wp:term":[{"taxonomy":"category","embeddable":true,"href":"https:\/\/portalv1.com.br\/api\/wp\/v2\/categories?post=41365"},{"taxonomy":"post_tag","embeddable":true,"href":"https:\/\/portalv1.com.br\/api\/wp\/v2\/tags?post=41365"}],"curies":[{"name":"wp","href":"https:\/\/api.w.org\/{rel}","templated":true}]}}