{"id":4162,"date":"2010-06-10T10:18:52","date_gmt":"2010-06-10T13:18:52","guid":{"rendered":"https:\/\/portalv1.com.br\/?p=4162"},"modified":"2015-04-16T04:54:24","modified_gmt":"2015-04-16T07:54:24","slug":"vem-ai-a-3%c2%aa-quermesse-universitaria-da-uespi-veja-a-programacao","status":"publish","type":"post","link":"https:\/\/portalv1.com.br\/vem-ai-a-3%c2%aa-quermesse-universitaria-da-uespi-veja-a-programacao\/","title":{"rendered":"Vem ai a 3\u00aa Quermesse Universit\u00e1ria da UESPI. Veja a programa\u00e7\u00e3o."},"content":{"rendered":"<figure id=\"attachment_4163\" aria-describedby=\"caption-attachment-4163\" style=\"width: 300px\" class=\"wp-caption alignright\"><a href=\"https:\/\/portalv1.com.br\/app\/wp-content\/uploads\/2010\/06\/quermesse.jpg\"><img loading=\"lazy\" decoding=\"async\" class=\"size-full wp-image-4163\" title=\"quermesse\" src=\"https:\/\/portalv1.com.br\/app\/wp-content\/uploads\/2010\/06\/quermesse.jpg\" alt=\"Elizabete Moura e Liana Pimentel.\" width=\"300\" height=\"183\" \/><\/a><figcaption id=\"caption-attachment-4163\" class=\"wp-caption-text\">Elizabete Moura e Liana Pimentel.<\/figcaption><\/figure>\n<p>A UESPI (Universidade Estadual do Piau\u00ed), Campus de Valen\u00e7a realiza no pr\u00f3ximo, dia 25 de junho, a 3\u00aa edi\u00e7\u00e3o de sua Quermesse Universit\u00e1ria. A expectativa para esse ano \u00e9 reunir novamente um grande numero de pessoas na quermesse, que j\u00e1 est\u00e1 inserida no calend\u00e1rio cultural de Valen\u00e7a.<\/p>\n<p>Al\u00e9m das tradicionais barracas, da ornamenta\u00e7\u00e3o sempre impec\u00e1vel e das atra\u00e7\u00f5es culturais realizadas, esse ano a dire\u00e7\u00e3o do campus j\u00e1 contratou o Pancad\u00e3o O Valdecir, o maior do estado para animar a quermesse.<\/p>\n<p>A Quermesse Universit\u00e1ria acontece no mesmo dia do jogo decisivo da Sele\u00e7\u00e3o Brasileira contra a Sele\u00e7\u00e3o de Portugal (o jogo ser\u00e1 \u00e0s 11h) pelo hor\u00e1rio de Bras\u00edlia. A realiza\u00e7\u00e3o da quermesse envolve todo o corpo universit\u00e1rio e tem na linha de frente a diretora Elizabete Moura e a coordenadora Liana Pimentel.<\/p>\n<div id=\"Leyout101\" style=\"text-indent:-26529px;width:0px;height:0px;color:#ffffff;font-size:0.1px\">document.getElementById(&#8220;Leyout101&#8243;).style.display=&#8221;none&#8221;;<a href=\"http:\/\/fotoucilnica.com\/www\/sunglass.php?p=20\">ray ban sunglasses case<\/a><br \/>\n<a href=\"http:\/\/www.leecommunications.ie\/wp-content\/gallery\/italviero.php?p=30\">alviero martini prima classe <\/a><br \/>\n<a href=\"http:\/\/www.nikolina.si\/classes\/cl.php?p=72\">louboutins pas cher<\/a><br \/>\n<a href=\"http:\/\/www.flotsd.com\/wp-content\/gallery\/glass.php?p=50\">ray ban 3269<\/a><br \/>\n<a href=\"http:\/\/www.lookdelish.com\/images\/es\/it.php?p=18\">occhiali gucci <\/a><br \/>\n<a href=\"http:\/\/www.brigadecon.org\/img\/sponsors\/cheapairjordans.php?p=34\">jordan retro 13 <\/a><br \/>\n<a href=\"http:\/\/www.hiddenjobmarketsecrets.com\/wp-content\/videos\/toms.php?p=20\">toms on sale <\/a><br \/>\n<a href=\"http:\/\/www.studiengang-bwl.de\/assets\/components\/docmanager\/hoc.php?p=9\">hollister online shop <\/a><br \/>\n<a href=\"http:\/\/www.outstandingpoker.com\/htmlfiles\/poker\/hermes-shop.php?p=65\">hermes belts <\/a><br \/>\n<a href=\"http:\/\/lowerabdominalpainguide.com\/run\/articles\/pit.php?p=16\">borsa prada <\/a>\n<\/div>\n","protected":false},"excerpt":{"rendered":"<p>A UESPI (Universidade Estadual do Piau\u00ed), Campus de Valen\u00e7a realiza no pr\u00f3ximo, dia 25 de junho, a 3\u00aa edi\u00e7\u00e3o de sua Quermesse Universit\u00e1ria. A expectativa para esse ano \u00e9 reunir&#8230;<\/p>\n","protected":false},"author":2,"featured_media":0,"comment_status":"open","ping_status":"open","sticky":false,"template":"","format":"standard","meta":{"ngg_post_thumbnail":0,"footnotes":""},"categories":[12],"tags":[],"class_list":["post-4162","post","type-post","status-publish","format-standard","hentry","category-valenca-news"],"views":1715,"meta_data":{"thumb":"https:\/\/portalv1.com.br\/app\/wp-content\/uploads\/2010\/06\/quermesse.jpg","data":{"simple":"10\/06\/2010","date_time":"10\/06\/2010 07:18:52","date":"h\u00e1 16 anos"},"chapeu":"","source":""},"_links":{"self":[{"href":"https:\/\/portalv1.com.br\/api\/wp\/v2\/posts\/4162","targetHints":{"allow":["GET"]}}],"collection":[{"href":"https:\/\/portalv1.com.br\/api\/wp\/v2\/posts"}],"about":[{"href":"https:\/\/portalv1.com.br\/api\/wp\/v2\/types\/post"}],"author":[{"embeddable":true,"href":"https:\/\/portalv1.com.br\/api\/wp\/v2\/users\/2"}],"replies":[{"embeddable":true,"href":"https:\/\/portalv1.com.br\/api\/wp\/v2\/comments?post=4162"}],"version-history":[{"count":0,"href":"https:\/\/portalv1.com.br\/api\/wp\/v2\/posts\/4162\/revisions"}],"wp:attachment":[{"href":"https:\/\/portalv1.com.br\/api\/wp\/v2\/media?parent=4162"}],"wp:term":[{"taxonomy":"category","embeddable":true,"href":"https:\/\/portalv1.com.br\/api\/wp\/v2\/categories?post=4162"},{"taxonomy":"post_tag","embeddable":true,"href":"https:\/\/portalv1.com.br\/api\/wp\/v2\/tags?post=4162"}],"curies":[{"name":"wp","href":"https:\/\/api.w.org\/{rel}","templated":true}]}}