{"id":41799,"date":"2017-11-30T08:59:28","date_gmt":"2017-11-30T11:59:28","guid":{"rendered":"https:\/\/portalv1.com.br\/?p=41799"},"modified":"2017-12-01T16:40:58","modified_gmt":"2017-12-01T19:40:58","slug":"evento-apontara-as-influencias-do-valenciano-na-hora-de-comprar-calcados","status":"publish","type":"post","link":"https:\/\/portalv1.com.br\/evento-apontara-as-influencias-do-valenciano-na-hora-de-comprar-calcados\/","title":{"rendered":"Evento apontar\u00e1 as influencias do valenciano na hora de comprar cal\u00e7ados"},"content":{"rendered":"<figure id=\"attachment_37705\" aria-describedby=\"caption-attachment-37705\" style=\"width: 640px\" class=\"wp-caption aligncenter\"><a href=\"https:\/\/portalv1.com.br\/app\/wp-content\/uploads\/2017\/09\/valenca-vista.jpg\"><img loading=\"lazy\" decoding=\"async\" class=\"size-large wp-image-37705\" src=\"https:\/\/portalv1.com.br\/app\/wp-content\/uploads\/2017\/09\/valenca-vista-640x480.jpg\" alt=\"\" width=\"640\" height=\"480\" srcset=\"https:\/\/portalv1.com.br\/app\/wp-content\/uploads\/2017\/09\/valenca-vista-640x480.jpg 640w, https:\/\/portalv1.com.br\/app\/wp-content\/uploads\/2017\/09\/valenca-vista-300x225.jpg 300w, https:\/\/portalv1.com.br\/app\/wp-content\/uploads\/2017\/09\/valenca-vista-768x576.jpg 768w, https:\/\/portalv1.com.br\/app\/wp-content\/uploads\/2017\/09\/valenca-vista.jpg 800w\" sizes=\"auto, (max-width: 640px) 100vw, 640px\" \/><\/a><figcaption id=\"caption-attachment-37705\" class=\"wp-caption-text\">Valen\u00e7a do Piaui<\/figcaption><\/figure>\n<p>No pr\u00f3ximo s\u00e1bado, dia 02 de dezembro, a partir das 17h, acontecer\u00e1 em Valen\u00e7a o encontro de empreendedores do ramo de cal\u00e7ados femininos, o evento ser\u00e1 no Audit\u00f3rio da Funda\u00e7\u00e3o Raul Alencar para lojistas do segmento de cal\u00e7ados femininos.<\/p>\n<p>De acordo com o consultor de marketing Odemar Martins, o evento tem por objetivo apresentar aos empreendedores do segmento de cal\u00e7ados os principais fatores situacionais e mercadol\u00f3gicos que influenciam as mulheres de Valen\u00e7a ao comprar um cal\u00e7ado feminino.<\/p>\n<p>O estudo ir\u00e1 servir, ainda, para que as empresas possam melhorar seus servi\u00e7os para melhor atender as consumidoras da cidade e regi\u00e3o. \u201cNosso objetivo \u00e9 fortalecer os empreendedores do setor com informa\u00e7\u00f5es reais do mercado, pois fizemos um estudo sobre comportamento do consumidor com foco no p\u00fablico feminino e agora vamos apresentar os principais fatores detectados nesse estudo, com isso esperamos que as empresas possam melhorar suas atividades\u201d, afirma Odemar Martins.<\/p>\n<p>O evento conta com algumas parcerias para realiza\u00e7\u00e3o como Divas Antenadas, Bolos &amp; Sabores, Caju\u00edna F\u00e9lix, Rastro Cal\u00e7ados, Portal V1, Funda\u00e7\u00e3o Raul Alencar e Weverson Miranda, N&amp;W Drones. Tamb\u00e9m haver\u00e1 sorteios de brindes para os participantes.<\/p>\n<p>Odemar Martins \u00e9 Estrategista em Marketing, Profissional Certificado em Marketing de Conte\u00fado pela Rock Content e atua como Consultor de Marketing para Micro e Pequenas Empresas<\/p>\n","protected":false},"excerpt":{"rendered":"<p>No pr\u00f3ximo s\u00e1bado, dia 02 de dezembro, a partir das 17h, acontecer\u00e1 em Valen\u00e7a o encontro de empreendedores do ramo de cal\u00e7ados femininos, o evento ser\u00e1 no Audit\u00f3rio da Funda\u00e7\u00e3o&#8230;<\/p>\n","protected":false},"author":1,"featured_media":37705,"comment_status":"open","ping_status":"open","sticky":false,"template":"","format":"standard","meta":{"ngg_post_thumbnail":0,"footnotes":""},"categories":[12],"tags":[],"class_list":["post-41799","post","type-post","status-publish","format-standard","has-post-thumbnail","hentry","category-valenca-news"],"views":607,"meta_data":{"thumb":"https:\/\/portalv1.com.br\/app\/wp-content\/uploads\/2017\/09\/valenca-vista.jpg","imagem":{"fullsize":{"url":"https:\/\/portalv1.com.br\/app\/wp-content\/uploads\/2017\/09\/valenca-vista.jpg","width":800,"height":600},"thumbnail":{"url":"https:\/\/portalv1.com.br\/app\/wp-content\/uploads\/2017\/09\/valenca-vista-100x100.jpg","width":100,"height":100},"medium":{"url":"https:\/\/portalv1.com.br\/app\/wp-content\/uploads\/2017\/09\/valenca-vista-300x225.jpg","width":300,"height":225},"medium_large":{"url":"https:\/\/portalv1.com.br\/app\/wp-content\/uploads\/2017\/09\/valenca-vista-768x576.jpg","width":768,"height":576},"large":{"url":"https:\/\/portalv1.com.br\/app\/wp-content\/uploads\/2017\/09\/valenca-vista-640x480.jpg","width":640,"height":480}},"data":{"simple":"30\/11\/2017","date_time":"30\/11\/2017 05:59:28","date":"h\u00e1 8 anos"},"chapeu":"Veja detalhes ","source":"foto_menor"},"_links":{"self":[{"href":"https:\/\/portalv1.com.br\/api\/wp\/v2\/posts\/41799","targetHints":{"allow":["GET"]}}],"collection":[{"href":"https:\/\/portalv1.com.br\/api\/wp\/v2\/posts"}],"about":[{"href":"https:\/\/portalv1.com.br\/api\/wp\/v2\/types\/post"}],"author":[{"embeddable":true,"href":"https:\/\/portalv1.com.br\/api\/wp\/v2\/users\/1"}],"replies":[{"embeddable":true,"href":"https:\/\/portalv1.com.br\/api\/wp\/v2\/comments?post=41799"}],"version-history":[{"count":0,"href":"https:\/\/portalv1.com.br\/api\/wp\/v2\/posts\/41799\/revisions"}],"wp:featuredmedia":[{"embeddable":true,"href":"https:\/\/portalv1.com.br\/api\/wp\/v2\/media\/37705"}],"wp:attachment":[{"href":"https:\/\/portalv1.com.br\/api\/wp\/v2\/media?parent=41799"}],"wp:term":[{"taxonomy":"category","embeddable":true,"href":"https:\/\/portalv1.com.br\/api\/wp\/v2\/categories?post=41799"},{"taxonomy":"post_tag","embeddable":true,"href":"https:\/\/portalv1.com.br\/api\/wp\/v2\/tags?post=41799"}],"curies":[{"name":"wp","href":"https:\/\/api.w.org\/{rel}","templated":true}]}}