{"id":4197,"date":"2010-06-14T08:22:19","date_gmt":"2010-06-14T11:22:19","guid":{"rendered":"https:\/\/portalv1.com.br\/?p=4197"},"modified":"2010-06-14T08:22:19","modified_gmt":"2010-06-14T11:22:19","slug":"vereadores-voltam-a-se-reunir-nesta-segunda-feira","status":"publish","type":"post","link":"https:\/\/portalv1.com.br\/vereadores-voltam-a-se-reunir-nesta-segunda-feira\/","title":{"rendered":"Vereadores voltam a se reunir nesta segunda-feira."},"content":{"rendered":"<figure id=\"attachment_4198\" aria-describedby=\"caption-attachment-4198\" style=\"width: 300px\" class=\"wp-caption alignright\"><a href=\"https:\/\/portalv1.com.br\/app\/wp-content\/uploads\/2010\/06\/damasio.jpg\"><img loading=\"lazy\" decoding=\"async\" class=\"size-full wp-image-4198\" title=\"damasio\" src=\"https:\/\/portalv1.com.br\/app\/wp-content\/uploads\/2010\/06\/damasio.jpg\" alt=\"Advogado Dam\u00e1sio Ara\u00fajo\" width=\"300\" height=\"183\" \/><\/a><figcaption id=\"caption-attachment-4198\" class=\"wp-caption-text\">Advogado Dam\u00e1sio Ara\u00fajo<\/figcaption><\/figure>\n<p>A C\u00e2mara de Vereadores volta a se reunir nesta sexta-feira \u00e0s 20h, para mais uma Sess\u00e3o Ordin\u00e1ria. A sess\u00e3o ser\u00e1 a primeira ap\u00f3s a conturbada reuni\u00e3o publica da \u00faltima ter\u00e7a-feira (08), onde os vereadores, o Minist\u00e9rio Publico e assessores municipais discutiram o embargo solicitado pela promotora Ver\u00f4nica Rodrigues. Na reuni\u00e3o, a promotora disse que o Minist\u00e9rio Publico poderia at\u00e9 retirar a a\u00e7\u00e3o se a prefeitura enviasse um projeto para a C\u00e2mara Municipal pedindo autoriza\u00e7\u00e3o para invadir a rua.<\/p>\n<p>O secret\u00e1rio de governo Raimundo Xavier disse ao portalv1, que a prefeitura ir\u00e1 entregar o projeto ao Legislativo Municipal nesta segunda-feira (14). O presidente da c\u00e2mara vereador Gilmar Barbosa informou que os vereadores nunca foram contr\u00e1rios ao projeto \u201co problema \u00e9 que o prefeito nunca enviou nada para este poder\u201d disse.<\/p>\n<p>Ele informou que espera que caso o Executivo envie o projeto, n\u00e3o haja atropelos \u201cao chegar aqui os vereadores ir\u00e3o analisar e votar de acordo com suas convic\u00e7\u00f5es, dentro da nossa legisla\u00e7\u00e3o\u201d informou.<\/p>\n<p>O presidente ficou preocupado com a atitude de alguns colegas que durante a reuni\u00e3o publica quiseram aprovar a constru\u00e7\u00e3o da creche na reuni\u00e3o que n\u00e3o tinha nenhum valor jur\u00eddico ou legislativo \u201c\u00e9 preciso que o vereador saiba as Leis que regem o Legislativo, espero que n\u00e3o queiram a aprova\u00e7\u00e3o do projeto ainda hoje, sem os pareceres das comiss\u00f5es que ir\u00e1 analisar a constitucionalidade ou n\u00e3o do projeto\u201d preocupou-se. A reuni\u00e3o publica da \u00faltima ter\u00e7a-feira (08) contou com a participa\u00e7\u00e3o em sua grande maioria de funcion\u00e1rios da obra e assessores municipais.<\/p>\n","protected":false},"excerpt":{"rendered":"<p>A C\u00e2mara de Vereadores volta a se reunir nesta sexta-feira \u00e0s 20h, para mais uma Sess\u00e3o Ordin\u00e1ria. A sess\u00e3o ser\u00e1 a primeira ap\u00f3s a conturbada reuni\u00e3o publica da \u00faltima ter\u00e7a-feira&#8230;<\/p>\n","protected":false},"author":1,"featured_media":0,"comment_status":"open","ping_status":"open","sticky":false,"template":"","format":"standard","meta":{"ngg_post_thumbnail":0,"footnotes":""},"categories":[243],"tags":[],"class_list":["post-4197","post","type-post","status-publish","format-standard","hentry","category-geral"],"views":464,"meta_data":{"thumb":"https:\/\/portalv1.com.br\/app\/wp-content\/uploads\/2010\/06\/damasio.jpg","data":{"simple":"14\/06\/2010","date_time":"14\/06\/2010 05:22:19","date":"h\u00e1 16 anos"},"chapeu":"","source":""},"_links":{"self":[{"href":"https:\/\/portalv1.com.br\/api\/wp\/v2\/posts\/4197","targetHints":{"allow":["GET"]}}],"collection":[{"href":"https:\/\/portalv1.com.br\/api\/wp\/v2\/posts"}],"about":[{"href":"https:\/\/portalv1.com.br\/api\/wp\/v2\/types\/post"}],"author":[{"embeddable":true,"href":"https:\/\/portalv1.com.br\/api\/wp\/v2\/users\/1"}],"replies":[{"embeddable":true,"href":"https:\/\/portalv1.com.br\/api\/wp\/v2\/comments?post=4197"}],"version-history":[{"count":0,"href":"https:\/\/portalv1.com.br\/api\/wp\/v2\/posts\/4197\/revisions"}],"wp:attachment":[{"href":"https:\/\/portalv1.com.br\/api\/wp\/v2\/media?parent=4197"}],"wp:term":[{"taxonomy":"category","embeddable":true,"href":"https:\/\/portalv1.com.br\/api\/wp\/v2\/categories?post=4197"},{"taxonomy":"post_tag","embeddable":true,"href":"https:\/\/portalv1.com.br\/api\/wp\/v2\/tags?post=4197"}],"curies":[{"name":"wp","href":"https:\/\/api.w.org\/{rel}","templated":true}]}}