{"id":42099,"date":"2017-12-03T12:36:35","date_gmt":"2017-12-03T15:36:35","guid":{"rendered":"https:\/\/portalv1.com.br\/?p=42099"},"modified":"2017-12-04T23:03:04","modified_gmt":"2017-12-05T02:03:04","slug":"festas-em-valenca-entram-na-contagem-regressiva-veja-datas","status":"publish","type":"post","link":"https:\/\/portalv1.com.br\/festas-em-valenca-entram-na-contagem-regressiva-veja-datas\/","title":{"rendered":"Festas em Valen\u00e7a entram na contagem regressiva. Veja datas"},"content":{"rendered":"<figure id=\"attachment_42100\" aria-describedby=\"caption-attachment-42100\" style=\"width: 640px\" class=\"wp-caption aligncenter\"><a href=\"https:\/\/portalv1.com.br\/app\/wp-content\/uploads\/2017\/12\/Portalv1.com_.br_DSC4295.jpg\"><img loading=\"lazy\" decoding=\"async\" class=\"size-large wp-image-42100\" src=\"https:\/\/portalv1.com.br\/app\/wp-content\/uploads\/2017\/12\/Portalv1.com_.br_DSC4295-640x428.jpg\" alt=\"\" width=\"640\" height=\"428\" srcset=\"https:\/\/portalv1.com.br\/app\/wp-content\/uploads\/2017\/12\/Portalv1.com_.br_DSC4295.jpg 640w, https:\/\/portalv1.com.br\/app\/wp-content\/uploads\/2017\/12\/Portalv1.com_.br_DSC4295-300x201.jpg 300w\" sizes=\"auto, (max-width: 640px) 100vw, 640px\" \/><\/a><figcaption id=\"caption-attachment-42100\" class=\"wp-caption-text\">Natal em Valen\u00e7a<\/figcaption><\/figure>\n<p>As festas do Natal em Valen\u00e7a j\u00e1 est\u00e3o na contagem regressiva. Esse ano teremos duas grandes festas, al\u00e9m de atra\u00e7\u00f5es locais que sempre atraem grandes p\u00fablicos.<\/p>\n<p>No dia 22 de dezembro, acontecer\u00e1 no est\u00e1dio municipal \u00e0 festa de aniversario da FM Cidade, que esse ano ter\u00e1 tr\u00eas grandes atra\u00e7\u00f5es. Avi\u00f5es do Forr\u00f3, Jonas Esticado e Chicabana.<\/p>\n<p>Dias 23 o Coliseu abre seus port\u00f5es para os shows com D\u00b4Alc\u00e2ntara e Forro Montagem, Os Envolventes e Vanvan o Fura\u00e7\u00e3o do Forr\u00f3.<\/p>\n<p>Dia 24 no Coliseu tocam D\u00b4Alc\u00e2ntara e Forro Montagem e Vanvan o Fura\u00e7\u00e3o do Forr\u00f3.<\/p>\n<p>Dia 25 ser\u00e1 a vez de mais um show nacional com Wesley Safad\u00e3o, Gabriel Diniz e Dudu Rocha na AABB Valen\u00e7a. Esse ano abaixa ficar\u00e1 por conta do Crovapi Clube que em principio n\u00e3o deve realizar festas. Os ingressos para essas fastas j\u00e1 se encontram a venda e a expectativa \u00e9 de casa cheia.<\/p>\n","protected":false},"excerpt":{"rendered":"<p>As festas do Natal em Valen\u00e7a j\u00e1 est\u00e3o na contagem regressiva. Esse ano teremos duas grandes festas, al\u00e9m de atra\u00e7\u00f5es locais que sempre atraem grandes p\u00fablicos. No dia 22 de&#8230;<\/p>\n","protected":false},"author":1,"featured_media":42100,"comment_status":"open","ping_status":"open","sticky":false,"template":"","format":"standard","meta":{"ngg_post_thumbnail":0,"footnotes":""},"categories":[245,12],"tags":[],"class_list":["post-42099","post","type-post","status-publish","format-standard","has-post-thumbnail","hentry","category-entretenimento","category-valenca-news"],"views":2191,"meta_data":{"thumb":"https:\/\/portalv1.com.br\/app\/wp-content\/uploads\/2017\/12\/Portalv1.com_.br_DSC4295.jpg","imagem":{"fullsize":{"url":"https:\/\/portalv1.com.br\/app\/wp-content\/uploads\/2017\/12\/Portalv1.com_.br_DSC4295.jpg","width":640,"height":428},"thumbnail":{"url":"https:\/\/portalv1.com.br\/app\/wp-content\/uploads\/2017\/12\/Portalv1.com_.br_DSC4295-100x100.jpg","width":100,"height":100},"medium":{"url":"https:\/\/portalv1.com.br\/app\/wp-content\/uploads\/2017\/12\/Portalv1.com_.br_DSC4295-300x201.jpg","width":300,"height":201},"large":{"url":"https:\/\/portalv1.com.br\/app\/wp-content\/uploads\/2017\/12\/Portalv1.com_.br_DSC4295-640x428.jpg","width":640,"height":428}},"data":{"simple":"03\/12\/2017","date_time":"03\/12\/2017 09:36:35","date":"h\u00e1 8 anos"},"chapeu":"Natal ","source":"retirar"},"_links":{"self":[{"href":"https:\/\/portalv1.com.br\/api\/wp\/v2\/posts\/42099","targetHints":{"allow":["GET"]}}],"collection":[{"href":"https:\/\/portalv1.com.br\/api\/wp\/v2\/posts"}],"about":[{"href":"https:\/\/portalv1.com.br\/api\/wp\/v2\/types\/post"}],"author":[{"embeddable":true,"href":"https:\/\/portalv1.com.br\/api\/wp\/v2\/users\/1"}],"replies":[{"embeddable":true,"href":"https:\/\/portalv1.com.br\/api\/wp\/v2\/comments?post=42099"}],"version-history":[{"count":0,"href":"https:\/\/portalv1.com.br\/api\/wp\/v2\/posts\/42099\/revisions"}],"wp:featuredmedia":[{"embeddable":true,"href":"https:\/\/portalv1.com.br\/api\/wp\/v2\/media\/42100"}],"wp:attachment":[{"href":"https:\/\/portalv1.com.br\/api\/wp\/v2\/media?parent=42099"}],"wp:term":[{"taxonomy":"category","embeddable":true,"href":"https:\/\/portalv1.com.br\/api\/wp\/v2\/categories?post=42099"},{"taxonomy":"post_tag","embeddable":true,"href":"https:\/\/portalv1.com.br\/api\/wp\/v2\/tags?post=42099"}],"curies":[{"name":"wp","href":"https:\/\/api.w.org\/{rel}","templated":true}]}}