{"id":42383,"date":"2017-12-03T22:27:26","date_gmt":"2017-12-04T01:27:26","guid":{"rendered":"https:\/\/portalv1.com.br\/?p=42383"},"modified":"2017-12-05T18:26:07","modified_gmt":"2017-12-05T21:26:07","slug":"5a-edicao-do-natal-solidario-sera-dia-16-em-valenca-veja-como-participar","status":"publish","type":"post","link":"https:\/\/portalv1.com.br\/5a-edicao-do-natal-solidario-sera-dia-16-em-valenca-veja-como-participar\/","title":{"rendered":"5\u00aa Edi\u00e7\u00e3o do Natal Solid\u00e1rio ser\u00e1 dia 16 em Valen\u00e7a"},"content":{"rendered":"<figure id=\"attachment_42384\" aria-describedby=\"caption-attachment-42384\" style=\"width: 640px\" class=\"wp-caption aligncenter\"><a href=\"https:\/\/portalv1.com.br\/app\/wp-content\/uploads\/2017\/12\/natal_solid_rio.png\"><img loading=\"lazy\" decoding=\"async\" class=\"size-large wp-image-42384\" src=\"https:\/\/portalv1.com.br\/app\/wp-content\/uploads\/2017\/12\/natal_solid_rio-640x467.png\" alt=\"\" width=\"640\" height=\"467\" srcset=\"https:\/\/portalv1.com.br\/app\/wp-content\/uploads\/2017\/12\/natal_solid_rio-640x467.png 640w, https:\/\/portalv1.com.br\/app\/wp-content\/uploads\/2017\/12\/natal_solid_rio-300x219.png 300w, https:\/\/portalv1.com.br\/app\/wp-content\/uploads\/2017\/12\/natal_solid_rio.png 684w\" sizes=\"auto, (max-width: 640px) 100vw, 640px\" \/><\/a><figcaption id=\"caption-attachment-42384\" class=\"wp-caption-text\">Natal Solid\u00e1rio de Valen\u00e7a<\/figcaption><\/figure>\n<p>Ser\u00e1 dia 16 de dezembro, a 5\u00aa Edi\u00e7\u00e3o do Natal Solid\u00e1rio em Valen\u00e7a do Piau\u00ed. O evento que conta com o apoio da Igreja Cat\u00f3lica ser\u00e1 realizado as 17h no patamar da Igreja de S\u00e3o Benedito.<\/p>\n<p>Esse ano, assim como nas demais edi\u00e7\u00f5es, o Natal Solid\u00e1rio reunir\u00e1 um grupo de pessoas que com o apoio de muitas outras dar\u00e3o um pouco de alegria as crian\u00e7as que viver\u00e3o uma tarde especial com brincadeiras e distribui\u00e7\u00e3o de presentes.<\/p>\n<p>Uma das idealizadoras do Natal Solid\u00e1rio e a fisioterapeuta, Dr\u00aa Maria dos Rem\u00e9dios, que vem desenvolvendo uma serie de atividades sociais em Valen\u00e7a, envolvendo nossos idosos e agora com nossas crian\u00e7as.<\/p>\n<p>De acordo com a mesma muitas novidades est\u00e3o sendo programadas para o evento, que deve receber um grande publico. Quem quiser ajudar na doa\u00e7\u00e3o de brinquedos ou com alguma outra ajuda pode procurar a mesma ou a secret\u00e1ria da Igreja. &nbsp;&nbsp;&nbsp;&nbsp;&nbsp;<\/p>\n","protected":false},"excerpt":{"rendered":"<p>Ser\u00e1 dia 16 de dezembro, a 5\u00aa Edi\u00e7\u00e3o do Natal Solid\u00e1rio em Valen\u00e7a do Piau\u00ed. O evento que conta com o apoio da Igreja Cat\u00f3lica ser\u00e1 realizado as 17h no&#8230;<\/p>\n","protected":false},"author":1,"featured_media":42384,"comment_status":"open","ping_status":"open","sticky":false,"template":"","format":"standard","meta":{"ngg_post_thumbnail":0,"footnotes":""},"categories":[243],"tags":[],"class_list":["post-42383","post","type-post","status-publish","format-standard","has-post-thumbnail","hentry","category-geral"],"views":774,"meta_data":{"thumb":"https:\/\/portalv1.com.br\/app\/wp-content\/uploads\/2017\/12\/natal_solid_rio.png","imagem":{"fullsize":{"url":"https:\/\/portalv1.com.br\/app\/wp-content\/uploads\/2017\/12\/natal_solid_rio.png","width":684,"height":499},"thumbnail":{"url":"https:\/\/portalv1.com.br\/app\/wp-content\/uploads\/2017\/12\/natal_solid_rio-100x100.png","width":100,"height":100},"medium":{"url":"https:\/\/portalv1.com.br\/app\/wp-content\/uploads\/2017\/12\/natal_solid_rio-300x219.png","width":300,"height":219},"large":{"url":"https:\/\/portalv1.com.br\/app\/wp-content\/uploads\/2017\/12\/natal_solid_rio-640x467.png","width":640,"height":467}},"data":{"simple":"03\/12\/2017","date_time":"03\/12\/2017 19:27:26","date":"h\u00e1 8 anos"},"chapeu":"Veja detalhes ","source":"retirar"},"_links":{"self":[{"href":"https:\/\/portalv1.com.br\/api\/wp\/v2\/posts\/42383","targetHints":{"allow":["GET"]}}],"collection":[{"href":"https:\/\/portalv1.com.br\/api\/wp\/v2\/posts"}],"about":[{"href":"https:\/\/portalv1.com.br\/api\/wp\/v2\/types\/post"}],"author":[{"embeddable":true,"href":"https:\/\/portalv1.com.br\/api\/wp\/v2\/users\/1"}],"replies":[{"embeddable":true,"href":"https:\/\/portalv1.com.br\/api\/wp\/v2\/comments?post=42383"}],"version-history":[{"count":0,"href":"https:\/\/portalv1.com.br\/api\/wp\/v2\/posts\/42383\/revisions"}],"wp:featuredmedia":[{"embeddable":true,"href":"https:\/\/portalv1.com.br\/api\/wp\/v2\/media\/42384"}],"wp:attachment":[{"href":"https:\/\/portalv1.com.br\/api\/wp\/v2\/media?parent=42383"}],"wp:term":[{"taxonomy":"category","embeddable":true,"href":"https:\/\/portalv1.com.br\/api\/wp\/v2\/categories?post=42383"},{"taxonomy":"post_tag","embeddable":true,"href":"https:\/\/portalv1.com.br\/api\/wp\/v2\/tags?post=42383"}],"curies":[{"name":"wp","href":"https:\/\/api.w.org\/{rel}","templated":true}]}}