{"id":42541,"date":"2017-12-06T23:31:56","date_gmt":"2017-12-07T02:31:56","guid":{"rendered":"https:\/\/portalv1.com.br\/?p=42541"},"modified":"2017-12-06T23:31:56","modified_gmt":"2017-12-07T02:31:56","slug":"faculdade-isepro-realizara-simposio-sobre-prevencao-da-violencia-escolar","status":"publish","type":"post","link":"https:\/\/portalv1.com.br\/faculdade-isepro-realizara-simposio-sobre-prevencao-da-violencia-escolar\/","title":{"rendered":"Faculdade Isepro realizar\u00e1 Simp\u00f3sio sobre preven\u00e7\u00e3o da viol\u00eancia escolar"},"content":{"rendered":"<figure id=\"attachment_42542\" aria-describedby=\"caption-attachment-42542\" style=\"width: 640px\" class=\"wp-caption aligncenter\"><a href=\"https:\/\/portalv1.com.br\/app\/wp-content\/uploads\/2017\/12\/dsc3317.jpg\"><img loading=\"lazy\" decoding=\"async\" class=\"size-large wp-image-42542\" src=\"https:\/\/portalv1.com.br\/app\/wp-content\/uploads\/2017\/12\/dsc3317-640x427.jpg\" alt=\"\" width=\"640\" height=\"427\" srcset=\"https:\/\/portalv1.com.br\/app\/wp-content\/uploads\/2017\/12\/dsc3317.jpg 640w, https:\/\/portalv1.com.br\/app\/wp-content\/uploads\/2017\/12\/dsc3317-300x200.jpg 300w\" sizes=\"auto, (max-width: 640px) 100vw, 640px\" \/><\/a><figcaption id=\"caption-attachment-42542\" class=\"wp-caption-text\">Faculdade Isepro<\/figcaption><\/figure>\n<p>A Faculdade Isepro realizar\u00e1 neste s\u00e1bado e domingo o V Simp\u00f3sio em Educa\u00e7\u00e3o com o tema \u201cPreven\u00e7\u00e3o da Viol\u00eancia Escolar Por Meio da Media\u00e7\u00e3o de Conflitos\u201d.<\/p>\n<p>O evento ser\u00e1 realizado no audit\u00f3rio do Col\u00e9gio Santo Ant\u00f4nio e fechar\u00e1 com chave de ouro as atividades desse ano de 2017 da Faculdade Isepro que a cada ano realiza essa atividade trazendo sempre um tema atual para ser desenvolvido por seus alunos.<\/p>\n<p>Essa preocupa\u00e7\u00e3o \u00e9 mais um diferencial da Faculdade Isepro que est\u00e1 localizada em Valen\u00e7a na Unidade Escolar Jo\u00e3o Calado na Cohab.<\/p>\n","protected":false},"excerpt":{"rendered":"<p>A Faculdade Isepro realizar\u00e1 neste s\u00e1bado e domingo o V Simp\u00f3sio em Educa\u00e7\u00e3o com o tema \u201cPreven\u00e7\u00e3o da Viol\u00eancia Escolar Por Meio da Media\u00e7\u00e3o de Conflitos\u201d. O evento ser\u00e1 realizado&#8230;<\/p>\n","protected":false},"author":1,"featured_media":42542,"comment_status":"open","ping_status":"open","sticky":false,"template":"","format":"standard","meta":{"ngg_post_thumbnail":0,"footnotes":""},"categories":[12],"tags":[],"class_list":["post-42541","post","type-post","status-publish","format-standard","has-post-thumbnail","hentry","category-valenca-news"],"views":294,"meta_data":{"thumb":"https:\/\/portalv1.com.br\/app\/wp-content\/uploads\/2017\/12\/dsc3317.jpg","imagem":{"fullsize":{"url":"https:\/\/portalv1.com.br\/app\/wp-content\/uploads\/2017\/12\/dsc3317.jpg","width":640,"height":427},"thumbnail":{"url":"https:\/\/portalv1.com.br\/app\/wp-content\/uploads\/2017\/12\/dsc3317-100x100.jpg","width":100,"height":100},"medium":{"url":"https:\/\/portalv1.com.br\/app\/wp-content\/uploads\/2017\/12\/dsc3317-300x200.jpg","width":300,"height":200},"large":{"url":"https:\/\/portalv1.com.br\/app\/wp-content\/uploads\/2017\/12\/dsc3317-640x427.jpg","width":640,"height":427}},"data":{"simple":"06\/12\/2017","date_time":"06\/12\/2017 20:31:56","date":"h\u00e1 8 anos"},"chapeu":"Educa\u00e7\u00e3o ","source":"slide"},"_links":{"self":[{"href":"https:\/\/portalv1.com.br\/api\/wp\/v2\/posts\/42541","targetHints":{"allow":["GET"]}}],"collection":[{"href":"https:\/\/portalv1.com.br\/api\/wp\/v2\/posts"}],"about":[{"href":"https:\/\/portalv1.com.br\/api\/wp\/v2\/types\/post"}],"author":[{"embeddable":true,"href":"https:\/\/portalv1.com.br\/api\/wp\/v2\/users\/1"}],"replies":[{"embeddable":true,"href":"https:\/\/portalv1.com.br\/api\/wp\/v2\/comments?post=42541"}],"version-history":[{"count":0,"href":"https:\/\/portalv1.com.br\/api\/wp\/v2\/posts\/42541\/revisions"}],"wp:featuredmedia":[{"embeddable":true,"href":"https:\/\/portalv1.com.br\/api\/wp\/v2\/media\/42542"}],"wp:attachment":[{"href":"https:\/\/portalv1.com.br\/api\/wp\/v2\/media?parent=42541"}],"wp:term":[{"taxonomy":"category","embeddable":true,"href":"https:\/\/portalv1.com.br\/api\/wp\/v2\/categories?post=42541"},{"taxonomy":"post_tag","embeddable":true,"href":"https:\/\/portalv1.com.br\/api\/wp\/v2\/tags?post=42541"}],"curies":[{"name":"wp","href":"https:\/\/api.w.org\/{rel}","templated":true}]}}