{"id":42547,"date":"2017-12-07T00:18:33","date_gmt":"2017-12-07T03:18:33","guid":{"rendered":"https:\/\/portalv1.com.br\/?p=42547"},"modified":"2017-12-08T11:50:02","modified_gmt":"2017-12-08T14:50:02","slug":"chico-costa-e-reeleito-presidente-da-apcdep","status":"publish","type":"post","link":"https:\/\/portalv1.com.br\/chico-costa-e-reeleito-presidente-da-apcdep\/","title":{"rendered":"Chico Costa \u00e9 reeleito presidente da APCDEP"},"content":{"rendered":"<p>O radialista Chico Costa (R\u00e1dio Antares), foi reeleito na tarde desta quarta-feira, 06 de dezembro presidente da Associa\u00e7\u00e3o Profissional dos Cronistas Desportivos do Piau\u00ed &#8211; APCDEP, para o quadri\u00eanio 2018\/2021.<\/p>\n<p>A elei\u00e7\u00e3o aconteceu das 14h \u00e0s 17h no audit\u00f3rio Carlos Said, na Federa\u00e7\u00e3o de Futebol do Piau\u00ed. Esse ano ao contrario de 2013 n\u00e3o houve disputa pela APCDEP devido sobre tudo ao trabalho do presidente e sua diretoria nesses quatro anos.<\/p>\n<p>103 cronistas esportivos estavam aptos para votar no pleito, sendo que desse total, 49 votaram no presidente e 03 votaram em branco. O radialista S\u00e9rgio Alves (Portalv1) \u00fanico credenciado na regi\u00e3o valenciana participou da elei\u00e7\u00e3o apoiando a candidatura do amigo Chico Costa. &nbsp;<\/p>\n<p>Nesse s\u00e1bado (09) acontecer\u00e1 no Clube do SITRICOM no Mocambinho a confraterniza\u00e7\u00e3o da Cr\u00f4nica Esportiva com partidas de futebol envolvendo as equipes dos Radialistas e Jornalistas e outra da Federa\u00e7\u00e3o de Futebol e convidados. &nbsp;&nbsp;&nbsp;<\/p>\n<figure id=\"attachment_42550\" aria-describedby=\"caption-attachment-42550\" style=\"width: 640px\" class=\"wp-caption aligncenter\"><a href=\"https:\/\/portalv1.com.br\/app\/wp-content\/uploads\/2017\/12\/IMG_20171206_141738.jpg\"><img loading=\"lazy\" decoding=\"async\" class=\"size-large wp-image-42550\" src=\"https:\/\/portalv1.com.br\/app\/wp-content\/uploads\/2017\/12\/IMG_20171206_141738-640x480.jpg\" alt=\"\" width=\"640\" height=\"480\" srcset=\"https:\/\/portalv1.com.br\/app\/wp-content\/uploads\/2017\/12\/IMG_20171206_141738.jpg 640w, https:\/\/portalv1.com.br\/app\/wp-content\/uploads\/2017\/12\/IMG_20171206_141738-300x225.jpg 300w\" sizes=\"auto, (max-width: 640px) 100vw, 640px\" \/><\/a><figcaption id=\"caption-attachment-42550\" class=\"wp-caption-text\">Os radialistas Chico Costa e S\u00e9rgio Alves<\/figcaption><\/figure>\n<p><a href=\"https:\/\/portalv1.com.br\/app\/wp-content\/uploads\/2017\/12\/IMG_20171206_140958.jpg\"><img loading=\"lazy\" decoding=\"async\" class=\"aligncenter size-large wp-image-42548\" src=\"https:\/\/portalv1.com.br\/app\/wp-content\/uploads\/2017\/12\/IMG_20171206_140958-640x480.jpg\" alt=\"\" width=\"640\" height=\"480\" srcset=\"https:\/\/portalv1.com.br\/app\/wp-content\/uploads\/2017\/12\/IMG_20171206_140958.jpg 640w, https:\/\/portalv1.com.br\/app\/wp-content\/uploads\/2017\/12\/IMG_20171206_140958-300x225.jpg 300w\" sizes=\"auto, (max-width: 640px) 100vw, 640px\" \/><\/a> <a href=\"https:\/\/portalv1.com.br\/app\/wp-content\/uploads\/2017\/12\/IMG_20171206_141126.jpg\"><img loading=\"lazy\" decoding=\"async\" class=\"aligncenter size-large wp-image-42549\" src=\"https:\/\/portalv1.com.br\/app\/wp-content\/uploads\/2017\/12\/IMG_20171206_141126-640x480.jpg\" alt=\"\" width=\"640\" height=\"480\" srcset=\"https:\/\/portalv1.com.br\/app\/wp-content\/uploads\/2017\/12\/IMG_20171206_141126.jpg 640w, https:\/\/portalv1.com.br\/app\/wp-content\/uploads\/2017\/12\/IMG_20171206_141126-300x225.jpg 300w\" sizes=\"auto, (max-width: 640px) 100vw, 640px\" \/><\/a> <a href=\"https:\/\/portalv1.com.br\/app\/wp-content\/uploads\/2017\/12\/IMG-20171206-WA0425.jpg\"><img loading=\"lazy\" decoding=\"async\" class=\"aligncenter size-large wp-image-42551\" src=\"https:\/\/portalv1.com.br\/app\/wp-content\/uploads\/2017\/12\/IMG-20171206-WA0425-640x360.jpg\" alt=\"\" width=\"640\" height=\"360\" srcset=\"https:\/\/portalv1.com.br\/app\/wp-content\/uploads\/2017\/12\/IMG-20171206-WA0425.jpg 640w, https:\/\/portalv1.com.br\/app\/wp-content\/uploads\/2017\/12\/IMG-20171206-WA0425-300x169.jpg 300w\" sizes=\"auto, (max-width: 640px) 100vw, 640px\" \/><\/a> <a href=\"https:\/\/portalv1.com.br\/app\/wp-content\/uploads\/2017\/12\/IMG-20171206-WA0426.jpg\"><img loading=\"lazy\" decoding=\"async\" class=\"aligncenter size-large wp-image-42552\" src=\"https:\/\/portalv1.com.br\/app\/wp-content\/uploads\/2017\/12\/IMG-20171206-WA0426.jpg\" alt=\"\" width=\"270\" height=\"480\"><\/a><\/p>\n","protected":false},"excerpt":{"rendered":"<p>O radialista Chico Costa (R\u00e1dio Antares), foi reeleito na tarde desta quarta-feira, 06 de dezembro presidente da Associa\u00e7\u00e3o Profissional dos Cronistas Desportivos do Piau\u00ed &#8211; APCDEP, para o quadri\u00eanio 2018\/2021&#8230;.<\/p>\n","protected":false},"author":1,"featured_media":42550,"comment_status":"open","ping_status":"open","sticky":false,"template":"","format":"standard","meta":{"ngg_post_thumbnail":0,"footnotes":""},"categories":[12],"tags":[],"class_list":["post-42547","post","type-post","status-publish","format-standard","has-post-thumbnail","hentry","category-valenca-news"],"views":642,"meta_data":{"thumb":"https:\/\/portalv1.com.br\/app\/wp-content\/uploads\/2017\/12\/IMG_20171206_141738.jpg","imagem":{"fullsize":{"url":"https:\/\/portalv1.com.br\/app\/wp-content\/uploads\/2017\/12\/IMG_20171206_141738.jpg","width":640,"height":480},"thumbnail":{"url":"https:\/\/portalv1.com.br\/app\/wp-content\/uploads\/2017\/12\/IMG_20171206_141738-100x100.jpg","width":100,"height":100},"medium":{"url":"https:\/\/portalv1.com.br\/app\/wp-content\/uploads\/2017\/12\/IMG_20171206_141738-300x225.jpg","width":300,"height":225},"large":{"url":"https:\/\/portalv1.com.br\/app\/wp-content\/uploads\/2017\/12\/IMG_20171206_141738-640x480.jpg","width":640,"height":480}},"data":{"simple":"06\/12\/2017","date_time":"06\/12\/2017 21:18:33","date":"h\u00e1 8 anos"},"chapeu":"APCDEP","source":"retirar"},"_links":{"self":[{"href":"https:\/\/portalv1.com.br\/api\/wp\/v2\/posts\/42547","targetHints":{"allow":["GET"]}}],"collection":[{"href":"https:\/\/portalv1.com.br\/api\/wp\/v2\/posts"}],"about":[{"href":"https:\/\/portalv1.com.br\/api\/wp\/v2\/types\/post"}],"author":[{"embeddable":true,"href":"https:\/\/portalv1.com.br\/api\/wp\/v2\/users\/1"}],"replies":[{"embeddable":true,"href":"https:\/\/portalv1.com.br\/api\/wp\/v2\/comments?post=42547"}],"version-history":[{"count":0,"href":"https:\/\/portalv1.com.br\/api\/wp\/v2\/posts\/42547\/revisions"}],"wp:featuredmedia":[{"embeddable":true,"href":"https:\/\/portalv1.com.br\/api\/wp\/v2\/media\/42550"}],"wp:attachment":[{"href":"https:\/\/portalv1.com.br\/api\/wp\/v2\/media?parent=42547"}],"wp:term":[{"taxonomy":"category","embeddable":true,"href":"https:\/\/portalv1.com.br\/api\/wp\/v2\/categories?post=42547"},{"taxonomy":"post_tag","embeddable":true,"href":"https:\/\/portalv1.com.br\/api\/wp\/v2\/tags?post=42547"}],"curies":[{"name":"wp","href":"https:\/\/api.w.org\/{rel}","templated":true}]}}