{"id":43462,"date":"2017-12-18T12:30:14","date_gmt":"2017-12-18T15:30:14","guid":{"rendered":"https:\/\/portalv1.com.br\/?p=43462"},"modified":"2017-12-20T13:10:21","modified_gmt":"2017-12-20T16:10:21","slug":"festejo-da-padroeira-de-valenca-ja-comecou","status":"publish","type":"post","link":"https:\/\/portalv1.com.br\/festejo-da-padroeira-de-valenca-ja-comecou\/","title":{"rendered":"Festejo da Padroeira de Valen\u00e7a j\u00e1 come\u00e7ou"},"content":{"rendered":"<figure id=\"attachment_43463\" aria-describedby=\"caption-attachment-43463\" style=\"width: 640px\" class=\"wp-caption aligncenter\"><a href=\"https:\/\/portalv1.com.br\/app\/wp-content\/uploads\/2017\/12\/Portalv1.com_.brDSC_0352.jpg\"><img loading=\"lazy\" decoding=\"async\" class=\"size-large wp-image-43463\" src=\"https:\/\/portalv1.com.br\/app\/wp-content\/uploads\/2017\/12\/Portalv1.com_.brDSC_0352-640x427.jpg\" alt=\"\" width=\"640\" height=\"427\" srcset=\"https:\/\/portalv1.com.br\/app\/wp-content\/uploads\/2017\/12\/Portalv1.com_.brDSC_0352.jpg 640w, https:\/\/portalv1.com.br\/app\/wp-content\/uploads\/2017\/12\/Portalv1.com_.brDSC_0352-300x200.jpg 300w\" sizes=\"auto, (max-width: 640px) 100vw, 640px\" \/><\/a><figcaption id=\"caption-attachment-43463\" class=\"wp-caption-text\">Nossa Senhora do \u00d3 e Concei\u00e7\u00e3o<\/figcaption><\/figure>\n<p>Foi aberto na noite deste domingo (17), o Festejo de Nossa Senhora do \u00d3 e Concei\u00e7\u00e3o padroeira de Valen\u00e7a. A prociss\u00e3o de abertura teve inicio no bairro Vale-verde e atraiu um grande numero de fieis. Esse ano as celebra\u00e7\u00f5es est\u00e3o sendo realizadas no patamar da Matriz devido \u00e0 reforma da mesma. &nbsp;<\/p>\n<p>Todos os dias haver\u00e1 alvorada \u00e0s 06h da manha e missa \u00e0s 19h. Batizados e casamentos ser\u00e3o realizados nos dias 24 e 25 \u00e0s 09h da manha na Igreja de Nossa Senhora do Carmo no bairro Novo Horizonte.<\/p>\n<p>O show de pr\u00eamios ser\u00e1 dia 26, ap\u00f3s a prociss\u00e3o de encerramento. O bazar da Matriz ir\u00e1 funcionar de 17 a 24 de dezembro. O arcebispo Dom Jacinto estar\u00e1 celebrando em Valen\u00e7a nesta quarta-feira, 20 de dezembro.<\/p>\n<p><div class=\"ngg-galleryoverview\" data-widget=\"Galeria\" data-props='{&quot;galeria&quot;:{&quot;gallery_id&quot;:2478,&quot;total&quot;:23,&quot;max_page&quot;:2,&quot;page&quot;:1,&quot;images&quot;:[{&quot;pid&quot;:60272,&quot;imageURL&quot;:&quot;https:\\\/\\\/portalv1.com.br\\\/app\\\/wp-content\\\/gallery\\\/matriz-1\\\/Portalv1.com_.brDSC_0226.JPG?t=1704393926&quot;,&quot;thumbnailURL&quot;:&quot;https:\\\/\\\/portalv1.com.br\\\/app\\\/wp-content\\\/gallery\\\/matriz-1\\\/thumbs\\\/thumbs_Portalv1.com_.brDSC_0226.JPG?t=1704393926&quot;,&quot;description&quot;:&quot; &quot;,&quot;alttext&quot;:&quot;Portalv1.com.brDSC_0226&quot;,&quot;style&quot;:&quot;&quot;},{&quot;pid&quot;:60273,&quot;imageURL&quot;:&quot;https:\\\/\\\/portalv1.com.br\\\/app\\\/wp-content\\\/gallery\\\/matriz-1\\\/Portalv1.com_.brDSC_0229.JPG?t=1704393937&quot;,&quot;thumbnailURL&quot;:&quot;https:\\\/\\\/portalv1.com.br\\\/app\\\/wp-content\\\/gallery\\\/matriz-1\\\/thumbs\\\/thumbs_Portalv1.com_.brDSC_0229.JPG?t=1704393937&quot;,&quot;description&quot;:&quot; &quot;,&quot;alttext&quot;:&quot;Portalv1.com.brDSC_0229&quot;,&quot;style&quot;:&quot;&quot;},{&quot;pid&quot;:60274,&quot;imageURL&quot;:&quot;https:\\\/\\\/portalv1.com.br\\\/app\\\/wp-content\\\/gallery\\\/matriz-1\\\/Portalv1.com_.brDSC_0231.JPG?t=1704393926&quot;,&quot;thumbnailURL&quot;:&quot;https:\\\/\\\/portalv1.com.br\\\/app\\\/wp-content\\\/gallery\\\/matriz-1\\\/thumbs\\\/thumbs_Portalv1.com_.brDSC_0231.JPG?t=1704393926&quot;,&quot;description&quot;:&quot; &quot;,&quot;alttext&quot;:&quot;Portalv1.com.brDSC_0231&quot;,&quot;style&quot;:&quot;&quot;},{&quot;pid&quot;:60275,&quot;imageURL&quot;:&quot;https:\\\/\\\/portalv1.com.br\\\/app\\\/wp-content\\\/gallery\\\/matriz-1\\\/Portalv1.com_.brDSC_0233.JPG?t=1704393920&quot;,&quot;thumbnailURL&quot;:&quot;https:\\\/\\\/portalv1.com.br\\\/app\\\/wp-content\\\/gallery\\\/matriz-1\\\/thumbs\\\/thumbs_Portalv1.com_.brDSC_0233.JPG?t=1704393920&quot;,&quot;description&quot;:&quot; &quot;,&quot;alttext&quot;:&quot;Portalv1.com.brDSC_0233&quot;,&quot;style&quot;:&quot;&quot;},{&quot;pid&quot;:60276,&quot;imageURL&quot;:&quot;https:\\\/\\\/portalv1.com.br\\\/app\\\/wp-content\\\/gallery\\\/matriz-1\\\/Portalv1.com_.brDSC_0235.JPG?t=1704393937&quot;,&quot;thumbnailURL&quot;:&quot;https:\\\/\\\/portalv1.com.br\\\/app\\\/wp-content\\\/gallery\\\/matriz-1\\\/thumbs\\\/thumbs_Portalv1.com_.brDSC_0235.JPG?t=1704393937&quot;,&quot;description&quot;:&quot; &quot;,&quot;alttext&quot;:&quot;Portalv1.com.brDSC_0235&quot;,&quot;style&quot;:&quot;&quot;},{&quot;pid&quot;:60277,&quot;imageURL&quot;:&quot;https:\\\/\\\/portalv1.com.br\\\/app\\\/wp-content\\\/gallery\\\/matriz-1\\\/Portalv1.com_.brDSC_0239.JPG?t=1704393938&quot;,&quot;thumbnailURL&quot;:&quot;https:\\\/\\\/portalv1.com.br\\\/app\\\/wp-content\\\/gallery\\\/matriz-1\\\/thumbs\\\/thumbs_Portalv1.com_.brDSC_0239.JPG?t=1704393938&quot;,&quot;description&quot;:&quot; &quot;,&quot;alttext&quot;:&quot;Portalv1.com.brDSC_0239&quot;,&quot;style&quot;:&quot;&quot;},{&quot;pid&quot;:60278,&quot;imageURL&quot;:&quot;https:\\\/\\\/portalv1.com.br\\\/app\\\/wp-content\\\/gallery\\\/matriz-1\\\/Portalv1.com_.brDSC_0240.JPG?t=1704393938&quot;,&quot;thumbnailURL&quot;:&quot;https:\\\/\\\/portalv1.com.br\\\/app\\\/wp-content\\\/gallery\\\/matriz-1\\\/thumbs\\\/thumbs_Portalv1.com_.brDSC_0240.JPG?t=1704393938&quot;,&quot;description&quot;:&quot; &quot;,&quot;alttext&quot;:&quot;Portalv1.com.brDSC_0240&quot;,&quot;style&quot;:&quot;&quot;},{&quot;pid&quot;:60279,&quot;imageURL&quot;:&quot;https:\\\/\\\/portalv1.com.br\\\/app\\\/wp-content\\\/gallery\\\/matriz-1\\\/Portalv1.com_.brDSC_0246.JPG?t=1704393939&quot;,&quot;thumbnailURL&quot;:&quot;https:\\\/\\\/portalv1.com.br\\\/app\\\/wp-content\\\/gallery\\\/matriz-1\\\/thumbs\\\/thumbs_Portalv1.com_.brDSC_0246.JPG?t=1704393939&quot;,&quot;description&quot;:&quot; &quot;,&quot;alttext&quot;:&quot;Portalv1.com.brDSC_0246&quot;,&quot;style&quot;:&quot;&quot;},{&quot;pid&quot;:60280,&quot;imageURL&quot;:&quot;https:\\\/\\\/portalv1.com.br\\\/app\\\/wp-content\\\/gallery\\\/matriz-1\\\/Portalv1.com_.brDSC_0251.JPG?t=1704393939&quot;,&quot;thumbnailURL&quot;:&quot;https:\\\/\\\/portalv1.com.br\\\/app\\\/wp-content\\\/gallery\\\/matriz-1\\\/thumbs\\\/thumbs_Portalv1.com_.brDSC_0251.JPG?t=1704393939&quot;,&quot;description&quot;:&quot; &quot;,&quot;alttext&quot;:&quot;Portalv1.com.brDSC_0251&quot;,&quot;style&quot;:&quot;&quot;},{&quot;pid&quot;:60281,&quot;imageURL&quot;:&quot;https:\\\/\\\/portalv1.com.br\\\/app\\\/wp-content\\\/gallery\\\/matriz-1\\\/Portalv1.com_.brDSC_0255.JPG?t=1704393939&quot;,&quot;thumbnailURL&quot;:&quot;https:\\\/\\\/portalv1.com.br\\\/app\\\/wp-content\\\/gallery\\\/matriz-1\\\/thumbs\\\/thumbs_Portalv1.com_.brDSC_0255.JPG?t=1704393939&quot;,&quot;description&quot;:&quot; &quot;,&quot;alttext&quot;:&quot;Portalv1.com.brDSC_0255&quot;,&quot;style&quot;:&quot;&quot;},{&quot;pid&quot;:60282,&quot;imageURL&quot;:&quot;https:\\\/\\\/portalv1.com.br\\\/app\\\/wp-content\\\/gallery\\\/matriz-1\\\/Portalv1.com_.brDSC_0262.JPG?t=1704393921&quot;,&quot;thumbnailURL&quot;:&quot;https:\\\/\\\/portalv1.com.br\\\/app\\\/wp-content\\\/gallery\\\/matriz-1\\\/thumbs\\\/thumbs_Portalv1.com_.brDSC_0262.JPG?t=1704393921&quot;,&quot;description&quot;:&quot; &quot;,&quot;alttext&quot;:&quot;Portalv1.com.brDSC_0262&quot;,&quot;style&quot;:&quot;&quot;},{&quot;pid&quot;:60283,&quot;imageURL&quot;:&quot;https:\\\/\\\/portalv1.com.br\\\/app\\\/wp-content\\\/gallery\\\/matriz-1\\\/Portalv1.com_.brDSC_0270.JPG?t=1704393940&quot;,&quot;thumbnailURL&quot;:&quot;https:\\\/\\\/portalv1.com.br\\\/app\\\/wp-content\\\/gallery\\\/matriz-1\\\/thumbs\\\/thumbs_Portalv1.com_.brDSC_0270.JPG?t=1704393940&quot;,&quot;description&quot;:&quot; &quot;,&quot;alttext&quot;:&quot;Portalv1.com.brDSC_0270&quot;,&quot;style&quot;:&quot;&quot;},{&quot;pid&quot;:60284,&quot;imageURL&quot;:&quot;https:\\\/\\\/portalv1.com.br\\\/app\\\/wp-content\\\/gallery\\\/matriz-1\\\/Portalv1.com_.brDSC_0273.JPG?t=1704393922&quot;,&quot;thumbnailURL&quot;:&quot;https:\\\/\\\/portalv1.com.br\\\/app\\\/wp-content\\\/gallery\\\/matriz-1\\\/thumbs\\\/thumbs_Portalv1.com_.brDSC_0273.JPG?t=1704393922&quot;,&quot;description&quot;:&quot; &quot;,&quot;alttext&quot;:&quot;Portalv1.com.brDSC_0273&quot;,&quot;style&quot;:&quot;&quot;},{&quot;pid&quot;:60285,&quot;imageURL&quot;:&quot;https:\\\/\\\/portalv1.com.br\\\/app\\\/wp-content\\\/gallery\\\/matriz-1\\\/Portalv1.com_.brDSC_0277.JPG?t=1704393940&quot;,&quot;thumbnailURL&quot;:&quot;https:\\\/\\\/portalv1.com.br\\\/app\\\/wp-content\\\/gallery\\\/matriz-1\\\/thumbs\\\/thumbs_Portalv1.com_.brDSC_0277.JPG?t=1704393940&quot;,&quot;description&quot;:&quot; &quot;,&quot;alttext&quot;:&quot;Portalv1.com.brDSC_0277&quot;,&quot;style&quot;:&quot;&quot;},{&quot;pid&quot;:60286,&quot;imageURL&quot;:&quot;https:\\\/\\\/portalv1.com.br\\\/app\\\/wp-content\\\/gallery\\\/matriz-1\\\/Portalv1.com_.brDSC_0281.JPG?t=1704393922&quot;,&quot;thumbnailURL&quot;:&quot;https:\\\/\\\/portalv1.com.br\\\/app\\\/wp-content\\\/gallery\\\/matriz-1\\\/thumbs\\\/thumbs_Portalv1.com_.brDSC_0281.JPG?t=1704393922&quot;,&quot;description&quot;:&quot; &quot;,&quot;alttext&quot;:&quot;Portalv1.com.brDSC_0281&quot;,&quot;style&quot;:&quot;&quot;},{&quot;pid&quot;:60287,&quot;imageURL&quot;:&quot;https:\\\/\\\/portalv1.com.br\\\/app\\\/wp-content\\\/gallery\\\/matriz-1\\\/Portalv1.com_.brDSC_0298.JPG?t=1704393923&quot;,&quot;thumbnailURL&quot;:&quot;https:\\\/\\\/portalv1.com.br\\\/app\\\/wp-content\\\/gallery\\\/matriz-1\\\/thumbs\\\/thumbs_Portalv1.com_.brDSC_0298.JPG?t=1704393923&quot;,&quot;description&quot;:&quot; &quot;,&quot;alttext&quot;:&quot;Portalv1.com.brDSC_0298&quot;,&quot;style&quot;:&quot;&quot;},{&quot;pid&quot;:60288,&quot;imageURL&quot;:&quot;https:\\\/\\\/portalv1.com.br\\\/app\\\/wp-content\\\/gallery\\\/matriz-1\\\/Portalv1.com_.brDSC_0299.JPG?t=1704393928&quot;,&quot;thumbnailURL&quot;:&quot;https:\\\/\\\/portalv1.com.br\\\/app\\\/wp-content\\\/gallery\\\/matriz-1\\\/thumbs\\\/thumbs_Portalv1.com_.brDSC_0299.JPG?t=1704393928&quot;,&quot;description&quot;:&quot; &quot;,&quot;alttext&quot;:&quot;Portalv1.com.brDSC_0299&quot;,&quot;style&quot;:&quot;&quot;},{&quot;pid&quot;:60289,&quot;imageURL&quot;:&quot;https:\\\/\\\/portalv1.com.br\\\/app\\\/wp-content\\\/gallery\\\/matriz-1\\\/Portalv1.com_.brDSC_0306.JPG?t=1704393926&quot;,&quot;thumbnailURL&quot;:&quot;https:\\\/\\\/portalv1.com.br\\\/app\\\/wp-content\\\/gallery\\\/matriz-1\\\/thumbs\\\/thumbs_Portalv1.com_.brDSC_0306.JPG?t=1704393926&quot;,&quot;description&quot;:&quot; &quot;,&quot;alttext&quot;:&quot;Portalv1.com.brDSC_0306&quot;,&quot;style&quot;:&quot;&quot;},{&quot;pid&quot;:60290,&quot;imageURL&quot;:&quot;https:\\\/\\\/portalv1.com.br\\\/app\\\/wp-content\\\/gallery\\\/matriz-1\\\/Portalv1.com_.brDSC_0316.JPG?t=1704393941&quot;,&quot;thumbnailURL&quot;:&quot;https:\\\/\\\/portalv1.com.br\\\/app\\\/wp-content\\\/gallery\\\/matriz-1\\\/thumbs\\\/thumbs_Portalv1.com_.brDSC_0316.JPG?t=1704393941&quot;,&quot;description&quot;:&quot; &quot;,&quot;alttext&quot;:&quot;Portalv1.com.brDSC_0316&quot;,&quot;style&quot;:&quot;&quot;},{&quot;pid&quot;:60291,&quot;imageURL&quot;:&quot;https:\\\/\\\/portalv1.com.br\\\/app\\\/wp-content\\\/gallery\\\/matriz-1\\\/Portalv1.com_.brDSC_0325.JPG?t=1704393927&quot;,&quot;thumbnailURL&quot;:&quot;https:\\\/\\\/portalv1.com.br\\\/app\\\/wp-content\\\/gallery\\\/matriz-1\\\/thumbs\\\/thumbs_Portalv1.com_.brDSC_0325.JPG?t=1704393927&quot;,&quot;description&quot;:&quot; &quot;,&quot;alttext&quot;:&quot;Portalv1.com.brDSC_0325&quot;,&quot;style&quot;:&quot;&quot;},{&quot;pid&quot;:60292,&quot;imageURL&quot;:&quot;https:\\\/\\\/portalv1.com.br\\\/app\\\/wp-content\\\/gallery\\\/matriz-1\\\/Portalv1.com_.brDSC_0329.JPG?t=1704393927&quot;,&quot;thumbnailURL&quot;:&quot;https:\\\/\\\/portalv1.com.br\\\/app\\\/wp-content\\\/gallery\\\/matriz-1\\\/thumbs\\\/thumbs_Portalv1.com_.brDSC_0329.JPG?t=1704393927&quot;,&quot;description&quot;:&quot; &quot;,&quot;alttext&quot;:&quot;Portalv1.com.brDSC_0329&quot;,&quot;style&quot;:&quot;&quot;},{&quot;pid&quot;:60293,&quot;imageURL&quot;:&quot;https:\\\/\\\/portalv1.com.br\\\/app\\\/wp-content\\\/gallery\\\/matriz-1\\\/Portalv1.com_.brDSC_0341.JPG?t=1704393927&quot;,&quot;thumbnailURL&quot;:&quot;https:\\\/\\\/portalv1.com.br\\\/app\\\/wp-content\\\/gallery\\\/matriz-1\\\/thumbs\\\/thumbs_Portalv1.com_.brDSC_0341.JPG?t=1704393927&quot;,&quot;description&quot;:&quot; &quot;,&quot;alttext&quot;:&quot;Portalv1.com.brDSC_0341&quot;,&quot;style&quot;:&quot;&quot;},{&quot;pid&quot;:60294,&quot;imageURL&quot;:&quot;https:\\\/\\\/portalv1.com.br\\\/app\\\/wp-content\\\/gallery\\\/matriz-1\\\/Portalv1.com_.brDSC_0352.JPG?t=1704393931&quot;,&quot;thumbnailURL&quot;:&quot;https:\\\/\\\/portalv1.com.br\\\/app\\\/wp-content\\\/gallery\\\/matriz-1\\\/thumbs\\\/thumbs_Portalv1.com_.brDSC_0352.JPG?t=1704393931&quot;,&quot;description&quot;:&quot; &quot;,&quot;alttext&quot;:&quot;Portalv1.com.brDSC_0352&quot;,&quot;style&quot;:&quot;&quot;}]}}'><\/div>.<\/p>\n","protected":false},"excerpt":{"rendered":"<p>Foi aberto na noite deste domingo (17), o Festejo de Nossa Senhora do \u00d3 e Concei\u00e7\u00e3o padroeira de Valen\u00e7a. A prociss\u00e3o de abertura teve inicio no bairro Vale-verde e atraiu&#8230;<\/p>\n","protected":false},"author":1,"featured_media":43463,"comment_status":"open","ping_status":"open","sticky":false,"template":"","format":"standard","meta":{"ngg_post_thumbnail":0,"footnotes":""},"categories":[12],"tags":[],"class_list":["post-43462","post","type-post","status-publish","format-standard","has-post-thumbnail","hentry","category-valenca-news"],"views":829,"meta_data":{"thumb":"https:\/\/portalv1.com.br\/app\/wp-content\/uploads\/2017\/12\/Portalv1.com_.brDSC_0352.jpg","imagem":{"fullsize":{"url":"https:\/\/portalv1.com.br\/app\/wp-content\/uploads\/2017\/12\/Portalv1.com_.brDSC_0352.jpg","width":640,"height":427},"thumbnail":{"url":"https:\/\/portalv1.com.br\/app\/wp-content\/uploads\/2017\/12\/Portalv1.com_.brDSC_0352-100x100.jpg","width":100,"height":100},"medium":{"url":"https:\/\/portalv1.com.br\/app\/wp-content\/uploads\/2017\/12\/Portalv1.com_.brDSC_0352-300x200.jpg","width":300,"height":200},"large":{"url":"https:\/\/portalv1.com.br\/app\/wp-content\/uploads\/2017\/12\/Portalv1.com_.brDSC_0352-640x427.jpg","width":640,"height":427}},"data":{"simple":"18\/12\/2017","date_time":"18\/12\/2017 09:30:14","date":"h\u00e1 8 anos"},"chapeu":"Nossa Senhora do \u00d3 e Concei\u00e7\u00e3o ","source":"retirar"},"_links":{"self":[{"href":"https:\/\/portalv1.com.br\/api\/wp\/v2\/posts\/43462","targetHints":{"allow":["GET"]}}],"collection":[{"href":"https:\/\/portalv1.com.br\/api\/wp\/v2\/posts"}],"about":[{"href":"https:\/\/portalv1.com.br\/api\/wp\/v2\/types\/post"}],"author":[{"embeddable":true,"href":"https:\/\/portalv1.com.br\/api\/wp\/v2\/users\/1"}],"replies":[{"embeddable":true,"href":"https:\/\/portalv1.com.br\/api\/wp\/v2\/comments?post=43462"}],"version-history":[{"count":0,"href":"https:\/\/portalv1.com.br\/api\/wp\/v2\/posts\/43462\/revisions"}],"wp:featuredmedia":[{"embeddable":true,"href":"https:\/\/portalv1.com.br\/api\/wp\/v2\/media\/43463"}],"wp:attachment":[{"href":"https:\/\/portalv1.com.br\/api\/wp\/v2\/media?parent=43462"}],"wp:term":[{"taxonomy":"category","embeddable":true,"href":"https:\/\/portalv1.com.br\/api\/wp\/v2\/categories?post=43462"},{"taxonomy":"post_tag","embeddable":true,"href":"https:\/\/portalv1.com.br\/api\/wp\/v2\/tags?post=43462"}],"curies":[{"name":"wp","href":"https:\/\/api.w.org\/{rel}","templated":true}]}}