{"id":44231,"date":"2018-01-04T10:59:11","date_gmt":"2018-01-04T13:59:11","guid":{"rendered":"https:\/\/portalv1.com.br\/?p=44231"},"modified":"2018-01-04T22:47:17","modified_gmt":"2018-01-05T01:47:17","slug":"1o-seminario-de-alcoolicos-anonimos-para-profissionais-sera-dia-17-em-valenca","status":"publish","type":"post","link":"https:\/\/portalv1.com.br\/1o-seminario-de-alcoolicos-anonimos-para-profissionais-sera-dia-17-em-valenca\/","title":{"rendered":"Semin\u00e1rio de Alco\u00f3licos An\u00f4nimos Para Profissionais ser\u00e1 dia 17 em Valen\u00e7a"},"content":{"rendered":"<p>Ser\u00e1 realizado no pr\u00f3ximo dia 17 de janeiro, a partir das 08 horas da manha no audit\u00f3rio do Col\u00e9gio Santo Ant\u00f4nio em Valen\u00e7a, o 1\u00ba Semin\u00e1rio de Alco\u00f3licos An\u00f4nimos Para Profissionais. &nbsp;O tema do evento ser\u00e1 \u201cAlcoolismo na \u00d3tica da Ci\u00eancia, Justi\u00e7a, Religi\u00e3o e Alco\u00f3licos An\u00f4nimos\u201d.<\/p>\n<p>O juiz da Comarca Dr. Juscelino Norberto, o Padre Klebert Viana e a Psic\u00f3loga Dr\u00aa Maria Antonieta est\u00e3o entre os palestrantes do semin\u00e1rio que ter\u00e1 inscri\u00e7\u00f5es limitadas, mais gratuitas e distribui\u00e7\u00e3o de certificados.<\/p>\n<p>A realiza\u00e7\u00e3o \u00e9 do Grupo Novo Horizonte Valenciano, que esse ano completa 30 anos de atividades em Valen\u00e7a. Apoio ESLAA-Picos, Distrito IX e \u00c1rea 15. Maiores informa\u00e7\u00f5es podem ser obtidas nos telefones 89 3422-5048 e 89 99931-0102. &nbsp;<a href=\"https:\/\/portalv1.com.br\/app\/wp-content\/uploads\/2018\/01\/aa.jpg\"><img loading=\"lazy\" decoding=\"async\" class=\"aligncenter size-large wp-image-44232\" src=\"https:\/\/portalv1.com.br\/app\/wp-content\/uploads\/2018\/01\/aa-640x480.jpg\" alt=\"\" width=\"640\" height=\"480\" srcset=\"https:\/\/portalv1.com.br\/app\/wp-content\/uploads\/2018\/01\/aa.jpg 640w, https:\/\/portalv1.com.br\/app\/wp-content\/uploads\/2018\/01\/aa-300x225.jpg 300w\" sizes=\"auto, (max-width: 640px) 100vw, 640px\" \/><\/a><\/p>\n","protected":false},"excerpt":{"rendered":"<p>Ser\u00e1 realizado no pr\u00f3ximo dia 17 de janeiro, a partir das 08 horas da manha no audit\u00f3rio do Col\u00e9gio Santo Ant\u00f4nio em Valen\u00e7a, o 1\u00ba Semin\u00e1rio de Alco\u00f3licos An\u00f4nimos Para&#8230;<\/p>\n","protected":false},"author":1,"featured_media":44232,"comment_status":"open","ping_status":"open","sticky":false,"template":"","format":"standard","meta":{"ngg_post_thumbnail":0,"footnotes":""},"categories":[12],"tags":[],"class_list":["post-44231","post","type-post","status-publish","format-standard","has-post-thumbnail","hentry","category-valenca-news"],"views":985,"meta_data":{"thumb":"https:\/\/portalv1.com.br\/app\/wp-content\/uploads\/2018\/01\/aa.jpg","imagem":{"fullsize":{"url":"https:\/\/portalv1.com.br\/app\/wp-content\/uploads\/2018\/01\/aa.jpg","width":640,"height":480},"thumbnail":{"url":"https:\/\/portalv1.com.br\/app\/wp-content\/uploads\/2018\/01\/aa-100x100.jpg","width":100,"height":100},"medium":{"url":"https:\/\/portalv1.com.br\/app\/wp-content\/uploads\/2018\/01\/aa-300x225.jpg","width":300,"height":225},"large":{"url":"https:\/\/portalv1.com.br\/app\/wp-content\/uploads\/2018\/01\/aa-640x480.jpg","width":640,"height":480}},"data":{"simple":"04\/01\/2018","date_time":"04\/01\/2018 07:59:11","date":"h\u00e1 8 anos"},"chapeu":"AA","source":"slide"},"_links":{"self":[{"href":"https:\/\/portalv1.com.br\/api\/wp\/v2\/posts\/44231","targetHints":{"allow":["GET"]}}],"collection":[{"href":"https:\/\/portalv1.com.br\/api\/wp\/v2\/posts"}],"about":[{"href":"https:\/\/portalv1.com.br\/api\/wp\/v2\/types\/post"}],"author":[{"embeddable":true,"href":"https:\/\/portalv1.com.br\/api\/wp\/v2\/users\/1"}],"replies":[{"embeddable":true,"href":"https:\/\/portalv1.com.br\/api\/wp\/v2\/comments?post=44231"}],"version-history":[{"count":0,"href":"https:\/\/portalv1.com.br\/api\/wp\/v2\/posts\/44231\/revisions"}],"wp:featuredmedia":[{"embeddable":true,"href":"https:\/\/portalv1.com.br\/api\/wp\/v2\/media\/44232"}],"wp:attachment":[{"href":"https:\/\/portalv1.com.br\/api\/wp\/v2\/media?parent=44231"}],"wp:term":[{"taxonomy":"category","embeddable":true,"href":"https:\/\/portalv1.com.br\/api\/wp\/v2\/categories?post=44231"},{"taxonomy":"post_tag","embeddable":true,"href":"https:\/\/portalv1.com.br\/api\/wp\/v2\/tags?post=44231"}],"curies":[{"name":"wp","href":"https:\/\/api.w.org\/{rel}","templated":true}]}}