{"id":44235,"date":"2018-01-06T09:53:28","date_gmt":"2018-01-06T12:53:28","guid":{"rendered":"https:\/\/portalv1.com.br\/?p=44235"},"modified":"2018-01-11T18:41:30","modified_gmt":"2018-01-11T21:41:30","slug":"caninana-do-forro-dia-27-de-janeiro-no-aniversario-de-barra-dalcantara","status":"publish","type":"post","link":"https:\/\/portalv1.com.br\/caninana-do-forro-dia-27-de-janeiro-no-aniversario-de-barra-dalcantara\/","title":{"rendered":"Caninana do Forr\u00f3 dia 27 de janeiro no aniversario de Barra D\u00b4Alc\u00e2ntara"},"content":{"rendered":"<figure id=\"attachment_44236\" aria-describedby=\"caption-attachment-44236\" style=\"width: 640px\" class=\"wp-caption aligncenter\"><a href=\"https:\/\/portalv1.com.br\/app\/wp-content\/uploads\/2018\/01\/sddefault.jpg\"><img loading=\"lazy\" decoding=\"async\" class=\"size-large wp-image-44236\" src=\"https:\/\/portalv1.com.br\/app\/wp-content\/uploads\/2018\/01\/sddefault-640x480.jpg\" alt=\"\" width=\"640\" height=\"480\" srcset=\"https:\/\/portalv1.com.br\/app\/wp-content\/uploads\/2018\/01\/sddefault.jpg 640w, https:\/\/portalv1.com.br\/app\/wp-content\/uploads\/2018\/01\/sddefault-300x225.jpg 300w\" sizes=\"auto, (max-width: 640px) 100vw, 640px\" \/><\/a><figcaption id=\"caption-attachment-44236\" class=\"wp-caption-text\">Caninana do Forr\u00f3<\/figcaption><\/figure>\n<p>O prefeito de Barra D\u00b4Alc\u00e2ntara, Claudison Brito, anunciou a primeira atra\u00e7\u00e3o musical em comemora\u00e7\u00e3o aos 24 anos de emancipa\u00e7\u00e3o pol\u00edtica do munic\u00edpio que ser\u00e1 comemorado no dia 27 de janeiro na Pra\u00e7a de Eventos Ivonete Guedes.<\/p>\n<p>Trata-se da banda de Caninana do Forr\u00f3, que far\u00e1 um show completo para comemorar os 24 anos da cidade. O prefeito deve divulgar nesses dias o resto da programa\u00e7\u00e3o que incluir\u00e1 inaugura\u00e7\u00f5es, culto e missa em a\u00e7\u00e3o de gra\u00e7as e novas bandas.<\/p>\n<p>Ele convidou a regi\u00e3o valenciana para as festividades. \u201cConvidamos nossos amigos de Valen\u00e7a, Novo Oriente, V\u00e1rzea Grande, Francin\u00f3polis, Elesb\u00e3o Veloso e Tanque do Piau\u00ed para o aniversario de nossa cidade ser\u00e1 um grande evento e todos s\u00e3o convidados\u201d disse o prefeito Claudison Brito.<\/p>\n<p><div class=\"content-iframe\" data-content-width=\"600\"><iframe loading=\"lazy\" style=\"border: none; overflow: hidden;\" src=\"https:\/\/www.facebook.com\/plugins\/video.php?href=https%3A%2F%2Fwww.facebook.com%2FSergioAlvesValenca%2Fvideos%2F1610460142333786%2F&amp;show_text=0&amp;width=560\" width=\"560\" height=\"308\" frameborder=\"0\" scrolling=\"no\" allowfullscreen=\"allowfullscreen\"><\/iframe><\/div><\/p>\n","protected":false},"excerpt":{"rendered":"<p>O prefeito de Barra D\u00b4Alc\u00e2ntara, Claudison Brito, anunciou a primeira atra\u00e7\u00e3o musical em comemora\u00e7\u00e3o aos 24 anos de emancipa\u00e7\u00e3o pol\u00edtica do munic\u00edpio que ser\u00e1 comemorado no dia 27 de janeiro&#8230;<\/p>\n","protected":false},"author":1,"featured_media":44236,"comment_status":"open","ping_status":"open","sticky":false,"template":"","format":"standard","meta":{"ngg_post_thumbnail":0,"footnotes":""},"categories":[245,12],"tags":[],"class_list":["post-44235","post","type-post","status-publish","format-standard","has-post-thumbnail","hentry","category-entretenimento","category-valenca-news"],"views":851,"meta_data":{"thumb":"https:\/\/portalv1.com.br\/app\/wp-content\/uploads\/2018\/01\/sddefault.jpg","imagem":{"fullsize":{"url":"https:\/\/portalv1.com.br\/app\/wp-content\/uploads\/2018\/01\/sddefault.jpg","width":640,"height":480},"thumbnail":{"url":"https:\/\/portalv1.com.br\/app\/wp-content\/uploads\/2018\/01\/sddefault-100x100.jpg","width":100,"height":100},"medium":{"url":"https:\/\/portalv1.com.br\/app\/wp-content\/uploads\/2018\/01\/sddefault-300x225.jpg","width":300,"height":225},"large":{"url":"https:\/\/portalv1.com.br\/app\/wp-content\/uploads\/2018\/01\/sddefault-640x480.jpg","width":640,"height":480}},"data":{"simple":"06\/01\/2018","date_time":"06\/01\/2018 06:53:28","date":"h\u00e1 8 anos"},"chapeu":"24 Anos ","source":"retirar"},"_links":{"self":[{"href":"https:\/\/portalv1.com.br\/api\/wp\/v2\/posts\/44235","targetHints":{"allow":["GET"]}}],"collection":[{"href":"https:\/\/portalv1.com.br\/api\/wp\/v2\/posts"}],"about":[{"href":"https:\/\/portalv1.com.br\/api\/wp\/v2\/types\/post"}],"author":[{"embeddable":true,"href":"https:\/\/portalv1.com.br\/api\/wp\/v2\/users\/1"}],"replies":[{"embeddable":true,"href":"https:\/\/portalv1.com.br\/api\/wp\/v2\/comments?post=44235"}],"version-history":[{"count":0,"href":"https:\/\/portalv1.com.br\/api\/wp\/v2\/posts\/44235\/revisions"}],"wp:featuredmedia":[{"embeddable":true,"href":"https:\/\/portalv1.com.br\/api\/wp\/v2\/media\/44236"}],"wp:attachment":[{"href":"https:\/\/portalv1.com.br\/api\/wp\/v2\/media?parent=44235"}],"wp:term":[{"taxonomy":"category","embeddable":true,"href":"https:\/\/portalv1.com.br\/api\/wp\/v2\/categories?post=44235"},{"taxonomy":"post_tag","embeddable":true,"href":"https:\/\/portalv1.com.br\/api\/wp\/v2\/tags?post=44235"}],"curies":[{"name":"wp","href":"https:\/\/api.w.org\/{rel}","templated":true}]}}