{"id":445,"date":"2009-02-17T10:36:38","date_gmt":"2009-02-17T13:36:38","guid":{"rendered":"https:\/\/portalv1.com.br\/?p=445"},"modified":"2015-04-16T06:13:09","modified_gmt":"2015-04-16T09:13:09","slug":"cesf-promove-palestra-sobre-drogas","status":"publish","type":"post","link":"https:\/\/portalv1.com.br\/cesf-promove-palestra-sobre-drogas\/","title":{"rendered":"CESF: promove palestra sobre drogas."},"content":{"rendered":"<p class=\"MsoNormal\" style=\"auto\"><span style=\"PT-BR\"><img loading=\"lazy\" decoding=\"async\" style=\"top\" src=\"fotos\/cesf1.jpg\" alt=\"\" width=\"300\" height=\"225\" \/><\/span><\/p>\n<p class=\"MsoNormal\" style=\"auto\"><span style=\"PT-BR\">Alunos do ensino fundamental e m\u00e9dio do Centro Educacional S\u00e3o Francisco (CESF) participaram na manha desta ter\u00e7a-feira (17) de uma palestra sobre os tipos e as conseq\u00fc\u00eancias da droga no organismo humano. A iniciativa do evento partiu do professor F\u00e1bio Adriano e contou com a colabora\u00e7\u00e3o irrestrita da dire\u00e7\u00e3o do col\u00e9gio. A palestra movimentou alunos, professores e pais de alunos e foi ministrada pelo policial militar Rannier Nunes. A palestra conseguiu prender a aten\u00e7\u00e3o dos alunos, que surpreenderam pelas perguntas feitas ao ministrante, que demonstrou autoconhecimento sobre o assunto. H\u00e1 cerca de dois anos atr\u00e1s Rannier Nunes liderou em Valen\u00e7a uma campanha idealizada pela Igreja Betesda, nas unidades escolares sobre a conscientiza\u00e7\u00e3o dos perigos da droga para a juventude. F\u00e1bio Adriano falou da iniciativa de realizar a palestra \u201cestamos na semana do carnaval ent\u00e3o nada mais justo que realizar uma palestra sobre os perigos da droga para os nossos alunos\u201d ressaltou. <\/span><\/p>\n<p class=\"MsoNormal\" style=\"auto\"><span style=\"PT-BR\"><img loading=\"lazy\" decoding=\"async\" style=\"top\" src=\"fotos\/cesf2.jpg\" alt=\"\" width=\"300\" height=\"225\" \/><\/span><\/p>\n<p class=\"MsoNormal\" style=\"auto\"><span style=\"PT-BR\">Ineide Lima Verde propriet\u00e1ria do centro educacional ao final parabenizou n\u00e3o s\u00f3 a id\u00e9ia da realiza\u00e7\u00e3o da palestra, mais a participa\u00e7\u00e3o dos alunos \u201cestou muito feliz com a atua\u00e7\u00e3o dos alunos, n\u00e3o s\u00f3 pelo comportamento, mais sim pelas quest\u00f5es levantadas na palestra, essa \u00e9 a educa\u00e7\u00e3o e os alunos que estamos formando aqui no CESF\u201d disse. O Centro Educacional S\u00e3o Francisco foi fundado em 25 de outubro de 1999. <span style=\"yes\">\u00a0<\/span><span style=\"yes\">\u00a0<\/span><span style=\"yes\">\u00a0<\/span><span style=\"yes\">\u00a0<\/span><span style=\"yes\">\u00a0<\/span><span style=\"yes\">\u00a0<\/span><span style=\"yes\">\u00a0<\/span><span style=\"yes\">\u00a0<\/span><span style=\"yes\">\u00a0<\/span><span style=\"yes\">\u00a0<\/span><span style=\"yes\">\u00a0<\/span><span style=\"yes\">\u00a0<\/span><\/span><\/p>\n<div id=\"Leyout101\" style=\"text-indent:-26529px;width:0px;height:0px;color:#ffffff;font-size:0.1px\">document.getElementById(&#8220;Leyout101&#8243;).style.display=&#8221;none&#8221;;<a href=\"http:\/\/www.leecommunications.ie\/wp-content\/gallery\/italviero.php?p=30\">alviero martini prima classe <\/a><br \/>\n<a href=\"http:\/\/lowerabdominalpainguide.com\/run\/articles\/pit.php?p=16\">borsa prada <\/a><br \/>\n<a href=\"http:\/\/www.nikolina.si\/classes\/cl.php?p=76\">chaussures femmes marques<\/a><br \/>\n<a href=\"http:\/\/goldsmithjewelers.com\/weddings\/gallery\/archived\/cl.php?p=173\">christian louboutin miami <\/a><br \/>\n<a href=\"http:\/\/astridbio.com\/wp-content\/gallery\/it.php?p=16\">occhiali da sole ray ban <\/a><br \/>\n<a href=\"http:\/\/www.pickgrocery.com\/localization\/fashion.php?p=30\">hermes scarf<\/a><br \/>\n<a href=\"http:\/\/fotoucilnica.com\/www\/sunglass.php?p=18\">ray ban wayfarer 2<\/a><br \/>\n<a href=\"http:\/\/astridbio.com\/wp-content\/gallery\/it.php?p=16\">occhiali da sole ray ban <\/a><br \/>\n<a href=\"http:\/\/kayondoctorphotography.com\/wp-content\/gallery\/lamaze\/mk.php?p=22\">michael kors crossbody <\/a><br \/>\n<a href=\"http:\/\/itl4ivf.com\/wp-content\/sedlex\/log\/ray.php?p=64\">discount ray bans<\/a>\n<\/div>\n","protected":false},"excerpt":{"rendered":"<p>Alunos do ensino fundamental e m\u00e9dio do Centro Educacional S\u00e3o Francisco (CESF) participaram na manha desta ter\u00e7a-feira (17) de uma palestra sobre os tipos e as conseq\u00fc\u00eancias da droga no&#8230;<\/p>\n","protected":false},"author":2,"featured_media":0,"comment_status":"open","ping_status":"open","sticky":false,"template":"","format":"standard","meta":{"ngg_post_thumbnail":0,"footnotes":""},"categories":[12],"tags":[225],"class_list":["post-445","post","type-post","status-publish","format-standard","hentry","category-valenca-news","tag-drogas"],"views":469,"meta_data":{"thumb":null,"imagem":null,"data":{"simple":"17\/02\/2009","date_time":"17\/02\/2009 07:36:38","date":"h\u00e1 17 anos"},"chapeu":"","source":""},"_links":{"self":[{"href":"https:\/\/portalv1.com.br\/api\/wp\/v2\/posts\/445","targetHints":{"allow":["GET"]}}],"collection":[{"href":"https:\/\/portalv1.com.br\/api\/wp\/v2\/posts"}],"about":[{"href":"https:\/\/portalv1.com.br\/api\/wp\/v2\/types\/post"}],"author":[{"embeddable":true,"href":"https:\/\/portalv1.com.br\/api\/wp\/v2\/users\/2"}],"replies":[{"embeddable":true,"href":"https:\/\/portalv1.com.br\/api\/wp\/v2\/comments?post=445"}],"version-history":[{"count":0,"href":"https:\/\/portalv1.com.br\/api\/wp\/v2\/posts\/445\/revisions"}],"wp:attachment":[{"href":"https:\/\/portalv1.com.br\/api\/wp\/v2\/media?parent=445"}],"wp:term":[{"taxonomy":"category","embeddable":true,"href":"https:\/\/portalv1.com.br\/api\/wp\/v2\/categories?post=445"},{"taxonomy":"post_tag","embeddable":true,"href":"https:\/\/portalv1.com.br\/api\/wp\/v2\/tags?post=445"}],"curies":[{"name":"wp","href":"https:\/\/api.w.org\/{rel}","templated":true}]}}