{"id":44723,"date":"2018-01-17T00:27:04","date_gmt":"2018-01-17T03:27:04","guid":{"rendered":"https:\/\/portalv1.com.br\/?p=44723"},"modified":"2018-01-18T20:38:08","modified_gmt":"2018-01-18T23:38:08","slug":"semifinal-da-copa-cidade-em-barra-dalcantara-sera-nesse-fim-de-semana","status":"publish","type":"post","link":"https:\/\/portalv1.com.br\/semifinal-da-copa-cidade-em-barra-dalcantara-sera-nesse-fim-de-semana\/","title":{"rendered":"Semifinal da Copa Cidade em Barra D`Alc\u00e2ntara ser\u00e1 nesse fim de semana"},"content":{"rendered":"<figure id=\"attachment_44724\" aria-describedby=\"caption-attachment-44724\" style=\"width: 640px\" class=\"wp-caption aligncenter\"><a href=\"https:\/\/portalv1.com.br\/app\/wp-content\/uploads\/2018\/01\/128452_2.jpg\"><img loading=\"lazy\" decoding=\"async\" class=\"size-large wp-image-44724\" src=\"https:\/\/portalv1.com.br\/app\/wp-content\/uploads\/2018\/01\/128452_2-640x429.jpg\" alt=\"\" width=\"640\" height=\"429\" srcset=\"https:\/\/portalv1.com.br\/app\/wp-content\/uploads\/2018\/01\/128452_2.jpg 640w, https:\/\/portalv1.com.br\/app\/wp-content\/uploads\/2018\/01\/128452_2-300x201.jpg 300w\" sizes=\"auto, (max-width: 640px) 100vw, 640px\" \/><\/a><figcaption id=\"caption-attachment-44724\" class=\"wp-caption-text\">Copa Cidade em Barra D`Alc\u00e2ntara<\/figcaption><\/figure>\n<p>Acontece neste final de semana, as partidas v\u00e1lidas pela semifinal da Copa Cidade em Barra D`Alc\u00e2ntara. Os semifinalistas s\u00e3o Riach\u00e3o e Pi\u00e7arra e 15 de Julho e Ferreiro. Os vencedores far\u00e3o a final dia 27 de janeiro.<\/p>\n<p>Nesse dia, a cidade viver\u00e1 grandes emo\u00e7\u00f5es por ocasi\u00e3o da festa dos seus 24 anos de emancipa\u00e7\u00e3o politica. Logo \u00e0s 06h da manha ter\u00e1 alvorada, depois hasteamento das bandeiras, corridas de pedestres masculino e feminino, corrida do ovo, corrida do carinho de m\u00e3o e corrida do saco.<\/p>\n<p>\u00c0s 10h \u00e9 a hora do corte do bolo, as 15h30 a grande final da Copa Cidade com premia\u00e7\u00e3o de tr\u00eas mil e quinhentos. \u00c0s 19h haver\u00e1 apresenta\u00e7\u00f5es art\u00edsticas e culturais, atrav\u00e9s da Secret\u00e1ria de Assist\u00eancia Social com jovens e adultos atendidos no munic\u00edpio com anima\u00e7\u00e3o da banda de musica do Cras.<\/p>\n<p>\u00c0s 22 come\u00e7am os shows com as bandas, Estilo Federal, R Skema, Bonde da Pisadinha e a atra\u00e7\u00e3o Caninana do Forro. Os eventos acontecer\u00e3o na Pra\u00e7a de Eventos Ivonete Guedes e a expectativa \u00e9 de publico recorde. A realiza\u00e7\u00e3o \u00e9 da Prefeitura de Barra D`Alc\u00e2ntara, que tem a frente o prefeito Claudison Brito. &nbsp;&nbsp;<\/p>\n","protected":false},"excerpt":{"rendered":"<p>Acontece neste final de semana, as partidas v\u00e1lidas pela semifinal da Copa Cidade em Barra D`Alc\u00e2ntara. Os semifinalistas s\u00e3o Riach\u00e3o e Pi\u00e7arra e 15 de Julho e Ferreiro. Os vencedores&#8230;<\/p>\n","protected":false},"author":1,"featured_media":44724,"comment_status":"open","ping_status":"open","sticky":false,"template":"","format":"standard","meta":{"ngg_post_thumbnail":0,"footnotes":""},"categories":[12],"tags":[],"class_list":["post-44723","post","type-post","status-publish","format-standard","has-post-thumbnail","hentry","category-valenca-news"],"views":246,"meta_data":{"thumb":"https:\/\/portalv1.com.br\/app\/wp-content\/uploads\/2018\/01\/128452_2.jpg","imagem":{"fullsize":{"url":"https:\/\/portalv1.com.br\/app\/wp-content\/uploads\/2018\/01\/128452_2.jpg","width":640,"height":429},"thumbnail":{"url":"https:\/\/portalv1.com.br\/app\/wp-content\/uploads\/2018\/01\/128452_2-100x100.jpg","width":100,"height":100},"medium":{"url":"https:\/\/portalv1.com.br\/app\/wp-content\/uploads\/2018\/01\/128452_2-300x201.jpg","width":300,"height":201},"large":{"url":"https:\/\/portalv1.com.br\/app\/wp-content\/uploads\/2018\/01\/128452_2-640x429.jpg","width":640,"height":429}},"data":{"simple":"16\/01\/2018","date_time":"16\/01\/2018 21:27:04","date":"h\u00e1 8 anos"},"chapeu":"Veja os confrontos ","source":"m_destacada"},"_links":{"self":[{"href":"https:\/\/portalv1.com.br\/api\/wp\/v2\/posts\/44723","targetHints":{"allow":["GET"]}}],"collection":[{"href":"https:\/\/portalv1.com.br\/api\/wp\/v2\/posts"}],"about":[{"href":"https:\/\/portalv1.com.br\/api\/wp\/v2\/types\/post"}],"author":[{"embeddable":true,"href":"https:\/\/portalv1.com.br\/api\/wp\/v2\/users\/1"}],"replies":[{"embeddable":true,"href":"https:\/\/portalv1.com.br\/api\/wp\/v2\/comments?post=44723"}],"version-history":[{"count":0,"href":"https:\/\/portalv1.com.br\/api\/wp\/v2\/posts\/44723\/revisions"}],"wp:featuredmedia":[{"embeddable":true,"href":"https:\/\/portalv1.com.br\/api\/wp\/v2\/media\/44724"}],"wp:attachment":[{"href":"https:\/\/portalv1.com.br\/api\/wp\/v2\/media?parent=44723"}],"wp:term":[{"taxonomy":"category","embeddable":true,"href":"https:\/\/portalv1.com.br\/api\/wp\/v2\/categories?post=44723"},{"taxonomy":"post_tag","embeddable":true,"href":"https:\/\/portalv1.com.br\/api\/wp\/v2\/tags?post=44723"}],"curies":[{"name":"wp","href":"https:\/\/api.w.org\/{rel}","templated":true}]}}