{"id":45155,"date":"2018-01-22T17:08:32","date_gmt":"2018-01-22T20:08:32","guid":{"rendered":"https:\/\/portalv1.com.br\/?p=45155"},"modified":"2018-01-25T16:08:51","modified_gmt":"2018-01-25T19:08:51","slug":"missa-e-cruzada-evangelica-celebrarao-o-aniversario-de-barra-dalcantara","status":"publish","type":"post","link":"https:\/\/portalv1.com.br\/missa-e-cruzada-evangelica-celebrarao-o-aniversario-de-barra-dalcantara\/","title":{"rendered":"Missa e cruzada evang\u00e9lica celebrar\u00e3o o aniversario de Barra D`Alc\u00e2ntara"},"content":{"rendered":"<figure id=\"attachment_45156\" aria-describedby=\"caption-attachment-45156\" style=\"width: 640px\" class=\"wp-caption aligncenter\"><a href=\"https:\/\/portalv1.com.br\/app\/wp-content\/uploads\/2018\/01\/barra.jpg\"><img loading=\"lazy\" decoding=\"async\" class=\"size-large wp-image-45156\" src=\"https:\/\/portalv1.com.br\/app\/wp-content\/uploads\/2018\/01\/barra-640x480.jpg\" alt=\"\" width=\"640\" height=\"480\" srcset=\"https:\/\/portalv1.com.br\/app\/wp-content\/uploads\/2018\/01\/barra.jpg 640w, https:\/\/portalv1.com.br\/app\/wp-content\/uploads\/2018\/01\/barra-300x225.jpg 300w\" sizes=\"auto, (max-width: 640px) 100vw, 640px\" \/><\/a><figcaption id=\"caption-attachment-45156\" class=\"wp-caption-text\">Barra D`Alc\u00e2ntara<\/figcaption><\/figure>\n<p>A Prefeitura de Barra D`Alc\u00e2ntara, al\u00e9m das festas, cursos e competi\u00e7\u00f5es esportivas reservou atra\u00e7\u00f5es para o publico cat\u00f3lico e evang\u00e9lico.<\/p>\n<p>No dia 25 haver\u00e1 a Missa em A\u00e7\u00e3o de Gra\u00e7as \u00e0s 19h na Matriz de Nossa Senhora do Carmo em alus\u00e3o aos 24 anos de emancipa\u00e7\u00e3o politica do munic\u00edpio e no dia 26 \u00e0s 19h na Pra\u00e7a de Eventos Ivonete Guedes haver\u00e1 uma grande cruzada evangel\u00edstica com a participa\u00e7\u00e3o de todas as Igrejas Evang\u00e9licas do munic\u00edpio para marcar o aniversario da cidade.<\/p>\n<p>Pela programa\u00e7\u00e3o \u00e0s 19h haver\u00e1 um grande culto com louvores, mensagens b\u00edblicas com o pregador Solimar, louvor com o cantor Urbano Eul\u00e1lio e Luc\u00e3o e banda. &nbsp;<\/p>\n<p><strong>Mais atividades<\/strong><\/p>\n<p>No dia 27 a programa\u00e7\u00e3o continua a partir das 06h da manha com alvorada hasteamento das bandeiras, seguida de corridas atl\u00e9tica nas categorias masculino, feminino e infantil, corrida do ovo, corrida do carrinho de m\u00e3o, corrida do saco e corte do bolo.<\/p>\n<p>A tarde \u00e0s 15h30 acontecer\u00e1 a final da Copa Cidade 2017\/2018. \u00c0 noite ser\u00e3o realizadas apresenta\u00e7\u00f5es culturais da Secretaria de Assist\u00eancia Social, seguida dos shows com as bandas Estilo Federal, R Skema, Bonde da Pisadinha e Caninana do Forr\u00f3 na Pra\u00e7a de Eventos Ivonete Guedes.<\/p>\n<p><strong>FUTEBOL <\/strong><\/p>\n<p>Neste fim de semana aconteceu a semifinal da Copa Cidade e as equipes do Riach\u00e3o e 15 de Julho decidir\u00e3o a competi\u00e7\u00e3o no s\u00e1bado. Elas derrotaram respectivamente as equipes do Ferreiro e Pi\u00e7arra e decidir\u00e3o a competi\u00e7\u00e3o que distribuir\u00e1 R$ 3.500 reais.<\/p>\n","protected":false},"excerpt":{"rendered":"<p>A Prefeitura de Barra D`Alc\u00e2ntara, al\u00e9m das festas, cursos e competi\u00e7\u00f5es esportivas reservou atra\u00e7\u00f5es para o publico cat\u00f3lico e evang\u00e9lico. No dia 25 haver\u00e1 a Missa em A\u00e7\u00e3o de Gra\u00e7as&#8230;<\/p>\n","protected":false},"author":1,"featured_media":45156,"comment_status":"open","ping_status":"open","sticky":false,"template":"","format":"standard","meta":{"ngg_post_thumbnail":0,"footnotes":""},"categories":[12],"tags":[],"class_list":["post-45155","post","type-post","status-publish","format-standard","has-post-thumbnail","hentry","category-valenca-news"],"views":576,"meta_data":{"thumb":"https:\/\/portalv1.com.br\/app\/wp-content\/uploads\/2018\/01\/barra.jpg","imagem":{"fullsize":{"url":"https:\/\/portalv1.com.br\/app\/wp-content\/uploads\/2018\/01\/barra.jpg","width":640,"height":480},"thumbnail":{"url":"https:\/\/portalv1.com.br\/app\/wp-content\/uploads\/2018\/01\/barra-100x100.jpg","width":100,"height":100},"medium":{"url":"https:\/\/portalv1.com.br\/app\/wp-content\/uploads\/2018\/01\/barra-300x225.jpg","width":300,"height":225},"large":{"url":"https:\/\/portalv1.com.br\/app\/wp-content\/uploads\/2018\/01\/barra-640x480.jpg","width":640,"height":480}},"data":{"simple":"22\/01\/2018","date_time":"22\/01\/2018 14:08:32","date":"h\u00e1 8 anos"},"chapeu":"24 anos de emancipa\u00e7\u00e3o ","source":"foto_menor"},"_links":{"self":[{"href":"https:\/\/portalv1.com.br\/api\/wp\/v2\/posts\/45155","targetHints":{"allow":["GET"]}}],"collection":[{"href":"https:\/\/portalv1.com.br\/api\/wp\/v2\/posts"}],"about":[{"href":"https:\/\/portalv1.com.br\/api\/wp\/v2\/types\/post"}],"author":[{"embeddable":true,"href":"https:\/\/portalv1.com.br\/api\/wp\/v2\/users\/1"}],"replies":[{"embeddable":true,"href":"https:\/\/portalv1.com.br\/api\/wp\/v2\/comments?post=45155"}],"version-history":[{"count":0,"href":"https:\/\/portalv1.com.br\/api\/wp\/v2\/posts\/45155\/revisions"}],"wp:featuredmedia":[{"embeddable":true,"href":"https:\/\/portalv1.com.br\/api\/wp\/v2\/media\/45156"}],"wp:attachment":[{"href":"https:\/\/portalv1.com.br\/api\/wp\/v2\/media?parent=45155"}],"wp:term":[{"taxonomy":"category","embeddable":true,"href":"https:\/\/portalv1.com.br\/api\/wp\/v2\/categories?post=45155"},{"taxonomy":"post_tag","embeddable":true,"href":"https:\/\/portalv1.com.br\/api\/wp\/v2\/tags?post=45155"}],"curies":[{"name":"wp","href":"https:\/\/api.w.org\/{rel}","templated":true}]}}