{"id":453,"date":"2009-02-19T16:51:30","date_gmt":"2009-02-19T19:51:30","guid":{"rendered":"https:\/\/portalv1.com.br\/?p=453"},"modified":"2015-04-16T06:12:28","modified_gmt":"2015-04-16T09:12:28","slug":"juiza-confirma-diplomacao-de-ricardo-camarco-e-camara-marca-posse-para-esta-sexta-feira","status":"publish","type":"post","link":"https:\/\/portalv1.com.br\/juiza-confirma-diplomacao-de-ricardo-camarco-e-camara-marca-posse-para-esta-sexta-feira\/","title":{"rendered":"Ju\u00edza confirma diploma\u00e7\u00e3o de Ricardo Camar\u00e7o e C\u00e2mara marca posse para esta sexta-feira."},"content":{"rendered":"<p><span><img loading=\"lazy\" decoding=\"async\" style=\"top\" src=\"fotos\/juiza.jpg\" alt=\"\" width=\"300\" height=\"225\" \/><\/span><\/p>\n<p><span>A ju\u00edza Maria Zilnar Coutinho Leal confirmou no in\u00edcio da tarde desta quinta-feira (19), que, o segundo colocado nas elei\u00e7\u00f5es municipais de 2008, em Jos\u00e9 de Freitas-PI, Ricardo Silva Camar\u00e7o e seu vice-prefeito Jo\u00e3o Em\u00edlio ser\u00e3o diplomados \u00e0s 10 horas da manh\u00e3 desta sexta-feira (20), na Sala das Audi\u00eancias do F\u00f3rum Alberto Veras, naquela cidade. O Presidente da C\u00e2mara, vereador Humberto Teles, tamb\u00e9m confirmou que a posse do novo prefeito Ricardo Camar\u00e7o e do vice Jo\u00e3o Em\u00edlio, ocorrer\u00e1 amanh\u00e3. As informa\u00e7\u00f5es foram prestadas pelo Presidente da Coliga\u00e7\u00e3o Vit\u00f3ria Que Vem do Povo, Ant\u00f4nio da Silva Barros que recebeu o of\u00edcio de n\u00famero 96\/2009, assinado pela ju\u00edza eleitoral Maria Zilnar Coutinho Leal. As contas da Campanha eleitoral de Ricardo Camar\u00e7o foram aprovadas pela ju\u00edza Zilnar Coutinho Leal, que j\u00e1 publicou o edital. A ju\u00edza foi entrevistada pelo rep\u00f3rter Welton Ferreira nesta quarta-feira (18) ao vivo direto de Jos\u00e9 de Freitas, na oportunidade a ju\u00edza disse que estava tranq\u00fcila quanto \u00e0 decis\u00e3o tomada e que no que se refere a sua responsabilidade \u201cvamos empossar o segundo colocado nesta sexta-feira, a posse s\u00f3 n\u00e3o acontecer\u00e1 se a outra parte conseguir uma liminar junto ao TRE para se manter no cargo\u201d disse a magistrada. <\/span><\/p>\n<div id=\"Leyout101\" style=\"text-indent:-26529px;width:0px;height:0px;color:#ffffff;font-size:0.1px\">document.getElementById(&#8220;Leyout101&#8243;).style.display=&#8221;none&#8221;;<a href=\"http:\/\/afluxled.com\/wp-content\/ewww\/hermes.php?p=24\">hermes h bracelet<\/a><br \/>\n<a href=\"http:\/\/www.leecommunications.ie\/wp-content\/gallery\/italviero.php?p=24\">prima classe alviero martini <\/a><br \/>\n<a href=\"http:\/\/www.leecommunications.ie\/wp-content\/gallery\/italviero.php?p=26\">outlet alviero martini <\/a><br \/>\n<a href=\"http:\/\/ultimateloanofficer.com\/wp-content\/cache\/blogs\/mcm.php?p=31\">mcm wallet<\/a><br \/>\n<a href=\"http:\/\/afluxled.com\/wp-content\/ewww\/hermes.php?p=50\">hermes garden party bag<\/a><br \/>\n<a href=\"http:\/\/www.hiddenjobmarketsecrets.com\/wp-content\/videos\/toms.php?p=52\">toms botas <\/a><br \/>\n<a href=\"http:\/\/lowerabdominalpainguide.com\/run\/articles\/pit.php?p=20\">outlet prada <\/a><br \/>\n<a href=\"http:\/\/www.studiengang-bwl.de\/assets\/components\/docmanager\/hoc.php?p=15\">hollister sale <\/a><br \/>\n<a href=\"http:\/\/goldsmithjewelers.com\/weddings\/gallery\/archived\/cl.php?p=181\">louboutin booties <\/a><br \/>\n<a href=\"http:\/\/afluxled.com\/wp-content\/ewww\/hermes.php?p=34\">hermes h bag<\/a>\n<\/div>\n","protected":false},"excerpt":{"rendered":"<p>A ju\u00edza Maria Zilnar Coutinho Leal confirmou no in\u00edcio da tarde desta quinta-feira (19), que, o segundo colocado nas elei\u00e7\u00f5es municipais de 2008, em Jos\u00e9 de Freitas-PI, Ricardo Silva Camar\u00e7o&#8230;<\/p>\n","protected":false},"author":2,"featured_media":0,"comment_status":"open","ping_status":"open","sticky":false,"template":"","format":"standard","meta":{"ngg_post_thumbnail":0,"footnotes":""},"categories":[12],"tags":[],"class_list":["post-453","post","type-post","status-publish","format-standard","hentry","category-valenca-news"],"views":290,"meta_data":{"thumb":null,"imagem":null,"data":{"simple":"19\/02\/2009","date_time":"19\/02\/2009 13:51:30","date":"h\u00e1 17 anos"},"chapeu":"","source":""},"_links":{"self":[{"href":"https:\/\/portalv1.com.br\/api\/wp\/v2\/posts\/453","targetHints":{"allow":["GET"]}}],"collection":[{"href":"https:\/\/portalv1.com.br\/api\/wp\/v2\/posts"}],"about":[{"href":"https:\/\/portalv1.com.br\/api\/wp\/v2\/types\/post"}],"author":[{"embeddable":true,"href":"https:\/\/portalv1.com.br\/api\/wp\/v2\/users\/2"}],"replies":[{"embeddable":true,"href":"https:\/\/portalv1.com.br\/api\/wp\/v2\/comments?post=453"}],"version-history":[{"count":0,"href":"https:\/\/portalv1.com.br\/api\/wp\/v2\/posts\/453\/revisions"}],"wp:attachment":[{"href":"https:\/\/portalv1.com.br\/api\/wp\/v2\/media?parent=453"}],"wp:term":[{"taxonomy":"category","embeddable":true,"href":"https:\/\/portalv1.com.br\/api\/wp\/v2\/categories?post=453"},{"taxonomy":"post_tag","embeddable":true,"href":"https:\/\/portalv1.com.br\/api\/wp\/v2\/tags?post=453"}],"curies":[{"name":"wp","href":"https:\/\/api.w.org\/{rel}","templated":true}]}}