{"id":4558,"date":"2010-07-14T09:04:35","date_gmt":"2010-07-14T12:04:35","guid":{"rendered":"https:\/\/portalv1.com.br\/?p=4558"},"modified":"2011-08-01T15:20:48","modified_gmt":"2011-08-01T18:20:48","slug":"e-hoje-justica-eleitoral-de-valenca-ouve-testemunhas-da-aime","status":"publish","type":"post","link":"https:\/\/portalv1.com.br\/e-hoje-justica-eleitoral-de-valenca-ouve-testemunhas-da-aime\/","title":{"rendered":"\u00c9 Hoje: Justi\u00e7a Eleitoral de Valen\u00e7a ouve testemunhas da AIME"},"content":{"rendered":"<figure id=\"attachment_3174\" aria-describedby=\"caption-attachment-3174\" style=\"width: 300px\" class=\"wp-caption alignright\"><img loading=\"lazy\" decoding=\"async\" class=\"size-full wp-image-3174\" title=\"cforum\" src=\"https:\/\/portalv1.com.br\/app\/wp-content\/uploads\/2010\/03\/cforum.jpg\" alt=\"F\u00f3rum Desembargador Arlindo Nogueira.       \" width=\"300\" height=\"183\" \/><figcaption id=\"caption-attachment-3174\" class=\"wp-caption-text\">F\u00f3rum Desembargador Arlindo Nogueira.       <\/figcaption><\/figure>\n<p>A Justi\u00e7a Eleitoral de Valen\u00e7a realiza hoje, dia14 de julho, mais uma audi\u00eancia eleitoral da 18\u00aa Zona Eleitoral, que \u00e9 composta pelos munic\u00edpios de Valen\u00e7a, Lagoa do Sitio e Novo Oriente. A audi\u00eancia marcada para as 9h: 30 ouvir\u00e1 as testemunhas da A\u00e7\u00e3o de Impugna\u00e7\u00e3o de Mandato Eletivo (AIME), que se arrasta na Justi\u00e7a Eleitoral h\u00e1 quase dois anos.<\/p>\n<p>O Processo 410\/2008, que corre em segredo de justi\u00e7a foi oferecido pela Coliga\u00e7\u00e3o Coragem de Fazer que teve como candidato o presidente do PMDB Rubens Alencar, contra o prefeito reeleito Francisco de Assis Alc\u00e2ntara e sua vice Maria de Lasalete Lima Verde Moura, da Coliga\u00e7\u00e3o Unidos Pelo Povo.<\/p>\n<p>O processo acusa o prefeito e a vice de terem praticado durante as elei\u00e7\u00f5es de 2008 crimes de abuso do poder econ\u00f4mico e abuso do poder pol\u00edtico.<\/p>\n","protected":false},"excerpt":{"rendered":"<p>A Justi\u00e7a Eleitoral de Valen\u00e7a realiza hoje, dia14 de julho, mais uma audi\u00eancia eleitoral da 18\u00aa Zona Eleitoral, que \u00e9 composta pelos munic\u00edpios de Valen\u00e7a, Lagoa do Sitio e Novo&#8230;<\/p>\n","protected":false},"author":1,"featured_media":0,"comment_status":"open","ping_status":"open","sticky":false,"template":"","format":"standard","meta":{"ngg_post_thumbnail":0,"footnotes":""},"categories":[12],"tags":[],"class_list":["post-4558","post","type-post","status-publish","format-standard","hentry","category-valenca-news"],"views":608,"meta_data":{"thumb":"https:\/\/portalv1.com.br\/app\/wp-content\/uploads\/2010\/03\/cforum.jpg","data":{"simple":"14\/07\/2010","date_time":"14\/07\/2010 06:04:35","date":"h\u00e1 16 anos"},"chapeu":"","source":""},"_links":{"self":[{"href":"https:\/\/portalv1.com.br\/api\/wp\/v2\/posts\/4558","targetHints":{"allow":["GET"]}}],"collection":[{"href":"https:\/\/portalv1.com.br\/api\/wp\/v2\/posts"}],"about":[{"href":"https:\/\/portalv1.com.br\/api\/wp\/v2\/types\/post"}],"author":[{"embeddable":true,"href":"https:\/\/portalv1.com.br\/api\/wp\/v2\/users\/1"}],"replies":[{"embeddable":true,"href":"https:\/\/portalv1.com.br\/api\/wp\/v2\/comments?post=4558"}],"version-history":[{"count":0,"href":"https:\/\/portalv1.com.br\/api\/wp\/v2\/posts\/4558\/revisions"}],"wp:attachment":[{"href":"https:\/\/portalv1.com.br\/api\/wp\/v2\/media?parent=4558"}],"wp:term":[{"taxonomy":"category","embeddable":true,"href":"https:\/\/portalv1.com.br\/api\/wp\/v2\/categories?post=4558"},{"taxonomy":"post_tag","embeddable":true,"href":"https:\/\/portalv1.com.br\/api\/wp\/v2\/tags?post=4558"}],"curies":[{"name":"wp","href":"https:\/\/api.w.org\/{rel}","templated":true}]}}