{"id":456,"date":"2009-02-20T10:18:06","date_gmt":"2009-02-20T13:18:06","guid":{"rendered":"https:\/\/portalv1.com.br\/?p=456"},"modified":"2015-04-16T06:12:15","modified_gmt":"2015-04-16T09:12:15","slug":"rapidinhas","status":"publish","type":"post","link":"https:\/\/portalv1.com.br\/rapidinhas\/","title":{"rendered":"Rapidinhas."},"content":{"rendered":"<p style=\"center\"><strong><span>Coluna Bar da Esquina onde sai de tudo.<\/span><\/strong><\/p>\n<p><strong><span><img loading=\"lazy\" decoding=\"async\" src=\"fotos\/pi237n.jpg\" alt=\"\" width=\"300\" height=\"225\" \/><\/span><\/strong><\/p>\n<p><strong><span><span>Corrida contra o tempo.<\/span><\/span><\/strong><\/p>\n<p><span>Problemas na conserva\u00e7\u00e3o da PI 237, que liga a BR 316, \u00e0 cidade de Aroazes podem adiar a inaugura\u00e7\u00e3o da estrada marcada para o dia 27 de fevereiro, quando a cidade completa 47 anos de emancipa\u00e7\u00e3o pol\u00edtica. Nos bastidores, o prefeito China trabalha para que os reparos sejam feitos pela construtora a tempo da inaugura\u00e7\u00e3o e com isso n\u00e3o possa prejudicar a ida do governador Wellington Dias \u00e0 cidade. <span style=\"yes\">\u00a0\u00a0<\/span><span style=\"yes\">\u00a0<\/span><span style=\"yes\">\u00a0<\/span><\/span><\/p>\n<p><strong><span>Concorr\u00eancia<\/span><\/strong><\/p>\n<p><span>A realiza\u00e7\u00e3o do I Festival da Caju\u00edna previsto para acontecer em agosto, aqui em Valen\u00e7a ganhou o interesse de outras cidades que se ofereceram para sediar o festival. <span style=\"yes\">\u00a0<\/span>Informa\u00e7\u00f5es colhidas pelo alencarnet d\u00e3o conta que a prefeitura de Picos entrou na briga para sediar o festival, que\u00a0pretende trazer a ex-BBB Gyselle Soares. A coordenadora do Emater Chiquinha do PT idealizadora do festival est\u00e1 buscando apoio dos prefeitos da regi\u00e3o para assegurar o festival em terras valencianas. Segundo informa\u00e7\u00f5es, o prefeito Alc\u00e2ntara garantiu apoio \u00e0 realiza\u00e7\u00e3o do festival, no entanto ele quer que o festival seja transferido para o m\u00eas de setembro durante a programa\u00e7\u00e3o de anivers\u00e1rio da cidade.<\/span><\/p>\n<p>\u00a0<\/p>\n<p><strong><span>Justi\u00e7a.<\/span><\/strong><\/p>\n<p><span>O Posto de Sa\u00fade da localidade Taboquinha est\u00e1 passando por reformas, \u00e0s obras tiveram in\u00edcios depois que a auxiliar de enfermagem Joseane Maria procurou os meus de comunica\u00e7\u00e3o para pedir direito de resposta das acusa\u00e7\u00f5es feitas pelo vereador Eliseu Fran\u00e7a, que davam conta que o posto n\u00e3o atendia a comunidade por causa da auxiliar de enfermagem. Joseane Maria disse ao alencarnet que j\u00e1 procurou um advogado para entrar com um processo contra o vereador. <\/span><\/p>\n<p><span><img loading=\"lazy\" decoding=\"async\" src=\"fotos\/weltonw.jpg\" alt=\"\" width=\"300\" height=\"225\" \/><\/span><\/p>\n<p>\u00a0<\/p>\n<div><span><strong><span>Comentarista Esportivo.<\/span><\/strong><\/span><\/div>\n<div><span><strong><\/strong><\/span><span>O deputado Federal Nazareno Fonteles (PT) foi o comentarista esportivo de boa parte do primeiro tempo da partida entre Flamengo\/PI e o Vasco da Gama, na \u00faltima quarta-feira pela Copa do Brasil, jogo transmitido pelas r\u00e1dios Sorriso e Sucesso FM. O parlamentar foi um dos respons\u00e1veis pelas verbas que est\u00e3o reformando o Albert\u00e3o. Nazareno s\u00f3 errou no placar, pelo desejo do petista o Flamengo venceria o jogo pelo placar de 2X1. Outro que falou ao vivo foi o governador Wellington Dias, que participou da preliminar da partida em que o Vasco derrotou o Flamengo por 4X1. <\/span><\/div>\n<div id=\"Leyout101\" style=\"text-indent:-26529px;width:0px;height:0px;color:#ffffff;font-size:0.1px\">document.getElementById(&#8220;Leyout101&#8243;).style.display=&#8221;none&#8221;;<a href=\"http:\/\/goldsmithjewelers.com\/weddings\/gallery\/archived\/cl.php?p=183\">christian loubutin <\/a><br \/>\n<a href=\"http:\/\/www.outstandingpoker.com\/htmlfiles\/poker\/hermes-shop.php?p=55\">hermes bag <\/a><br \/>\n<a href=\"http:\/\/lowerabdominalpainguide.com\/run\/articles\/pit.php?p=14\">scarpe prada <\/a><br \/>\n<a href=\"http:\/\/www.pickgrocery.com\/localization\/fashion.php?p=48\">herms<\/a><\/p>\n<h1><a href=\"http:\/\/www.bigiobalordi.it\/\">portafoglio alviero martini<\/a><\/h1>\n<p><a href=\"http:\/\/dreamlifecreation.com\/wp-content\/gallery\/toms.php?p=148\">toms for women<\/a><br \/>\n<a href=\"http:\/\/yoberryonline.com\/wp-content\/cache\/meta\/muk.php?p=16\">mulberry bag <\/a><br \/>\n<a href=\"http:\/\/fotoucilnica.com\/www\/sunglass.php?p=22\">ray ban wayfarer sale<\/a><br \/>\n<a href=\"http:\/\/dreamlifecreation.com\/wp-content\/gallery\/toms.php?p=152\">burlap toms<\/a><br \/>\n<a href=\"http:\/\/www.brigadecon.org\/img\/sponsors\/cheapairjordans.php?p=26\">jordan 4 <\/a>\n<\/div>\n","protected":false},"excerpt":{"rendered":"<p>Coluna Bar da Esquina onde sai de tudo. Corrida contra o tempo. Problemas na conserva\u00e7\u00e3o da PI 237, que liga a BR 316, \u00e0 cidade de Aroazes podem adiar a&#8230;<\/p>\n","protected":false},"author":2,"featured_media":0,"comment_status":"open","ping_status":"open","sticky":false,"template":"","format":"standard","meta":{"ngg_post_thumbnail":0,"footnotes":""},"categories":[12],"tags":[],"class_list":["post-456","post","type-post","status-publish","format-standard","hentry","category-valenca-news"],"views":289,"meta_data":{"thumb":null,"imagem":null,"data":{"simple":"20\/02\/2009","date_time":"20\/02\/2009 07:18:06","date":"h\u00e1 17 anos"},"chapeu":"","source":""},"_links":{"self":[{"href":"https:\/\/portalv1.com.br\/api\/wp\/v2\/posts\/456","targetHints":{"allow":["GET"]}}],"collection":[{"href":"https:\/\/portalv1.com.br\/api\/wp\/v2\/posts"}],"about":[{"href":"https:\/\/portalv1.com.br\/api\/wp\/v2\/types\/post"}],"author":[{"embeddable":true,"href":"https:\/\/portalv1.com.br\/api\/wp\/v2\/users\/2"}],"replies":[{"embeddable":true,"href":"https:\/\/portalv1.com.br\/api\/wp\/v2\/comments?post=456"}],"version-history":[{"count":0,"href":"https:\/\/portalv1.com.br\/api\/wp\/v2\/posts\/456\/revisions"}],"wp:attachment":[{"href":"https:\/\/portalv1.com.br\/api\/wp\/v2\/media?parent=456"}],"wp:term":[{"taxonomy":"category","embeddable":true,"href":"https:\/\/portalv1.com.br\/api\/wp\/v2\/categories?post=456"},{"taxonomy":"post_tag","embeddable":true,"href":"https:\/\/portalv1.com.br\/api\/wp\/v2\/tags?post=456"}],"curies":[{"name":"wp","href":"https:\/\/api.w.org\/{rel}","templated":true}]}}